{"id":25166,"date":"2024-10-11T16:04:36","date_gmt":"2024-10-11T14:04:36","guid":{"rendered":"https:\/\/enaw.ch\/effizienz-finanzielle-unterstuetzung-fuer-einfache-massnahmen"},"modified":"2024-10-25T11:27:16","modified_gmt":"2024-10-25T09:27:16","slug":"effizienz-finanzielle-unterstuetzung-fuer-einfache-massnahmen","status":"publish","type":"post","link":"https:\/\/dev.enaw.bertaeins.ch\/fr\/effizienz-finanzielle-unterstuetzung-fuer-einfache-massnahmen","title":{"rendered":"EFFICIENCE<sup>+<\/sup>, un soutien<br>financier pour des mesures simples"},"content":{"rendered":"\n<div class=\"wp-block-columns is-style-block-with-sidebar is-layout-flex wp-container-core-columns-is-layout-9d6595d7 wp-block-columns-is-layout-flex\">\n<div class=\"wp-block-column is-layout-flow wp-block-column-is-layout-flow\">\n<p class=\"is-style-lead-paragraph\">Le programme d\u2019appui EFFICIENCE<sup>+<\/sup> offre un soutien financier aux entreprises qui ont \u00e9labor\u00e9 une convention d\u2019objectifs avec l\u2019appui de l\u2019AEnEC. Ce soutien s\u2019applique \u00e0 la mise en \u0153uvre de mesures d&rsquo;am\u00e9lioration dans le domaine de l\u2019\u00e9lectricit\u00e9 qui ne sont pas imm\u00e9diatement rentables, car la dur\u00e9e de leur amortissement est de plus de quatre ans.<\/p>\n\n\n\n<p>Si elles connaissent bien les mesures qui consistent \u00e0 optimiser leurs machines et leurs appareils ou \u00e0 remplacer leurs moteurs, les entreprises ne savent pas toujours qu\u2019elles peuvent b\u00e9n\u00e9ficier d\u2019un appui financier pour les mettre en \u0153uvre, gr\u00e2ce au programme EFFICIENCE<sup>+<\/sup> de l\u2019AEnEC. Exemples de mesures soutenues financi\u00e8rement\u00a0: remplacement de pompes \u00e0 rotor noy\u00e9 ou \u00e0 moteur ventil\u00e9, de syst\u00e8mes de ventilation ou de leurs composants\u00a0; mais aussi investissements au-del\u00e0 des prescriptions l\u00e9gales dans des installations frigorifiques, ou dans des moteurs qui font partie de certaines classes \u00e9nerg\u00e9tiques.<\/p>\n\n\n\n<p>Les montants disponibles sont compris entre 500 et 90\u00a0000\u00a0francs par mesure d\u2019\u00e9conomie. L\u2019appui financier couvre jusqu\u2019\u00e0 30\u00a0% des co\u00fbts d&rsquo;investissement. Le processus d\u2019adjudication est tr\u00e8s simple puisqu\u2019il se d\u00e9roule enti\u00e8rement au moyen des outils informatiques simples et efficaces de l\u2019AEnEC. Votre conseiller ou conseill\u00e8re AEnEC vous accompagne dans cette d\u00e9marche, et la participation est gratuite.<\/p>\n\n\n\n<p>\u00cates-vous int\u00e9ress\u00e9 ou int\u00e9ress\u00e9e par le programme EFFICIENCE<sup>+&nbsp;<\/sup>pour votre entreprise&nbsp;? Prenez contact directement avec votre conseiller ou conseill\u00e8re AEnEC ou avec nous aux coordonn\u00e9es ci-dessous. <a id=\"_msocom_1\"><\/a><\/p>\n\n\n\n    <section class=\"share-links-block share-links-block-section visibleInBackend\">\n        <div class=\"container-main\">\n                        \n<div class=\"share-links\">\n    <a href=\"http:\/\/www.linkedin.com\/shareArticle?mini=true&amp;url=https:\/\/dev.enaw.bertaeins.ch\/fr\/effizienz-finanzielle-unterstuetzung-fuer-einfache-massnahmen&amp;title=EFFICIENCE+, un soutienfinancier pour des mesures simples&amp;summary=Le programme d'appui EFFICIENCE+ soutient financi\u00e8rement les entreprises qui ont \u00e9labor\u00e9 une convention d'objectifs avec l'AEnEC pour la mise en \u0153uvre de mesures d'\u00e9lectricit\u00e9 qui ne sont pas imm\u00e9diatement rentables sur le plan \u00e9conomique. Concr\u00e8tement, il s'agit de mesures dont le d\u00e9lai de r\u00e9cup\u00e9ration est sup\u00e9rieur \u00e0 quatre ans.\" target=\"_blank\"><span><i class=\"fab fa-linkedin-in\"><\/i><\/span><\/a>\n    <a href=\"https:\/\/twitter.com\/intent\/tweet?text=EFFICIENCE+, un soutienfinancier pour des mesures simples&#038;url=https:\/\/dev.enaw.bertaeins.ch\/fr\/effizienz-finanzielle-unterstuetzung-fuer-einfache-massnahmen\" target=\"_blank\"><span><i class=\"fa-brands fa-x-twitter\"><\/i><\/span><\/a>\n    <a href=\"https:\/\/www.facebook.com\/sharer\/sharer.php?u=https:\/\/dev.enaw.bertaeins.ch\/fr\/effizienz-finanzielle-unterstuetzung-fuer-einfache-massnahmen\" target=\"_blank\"><span><i class=\"fab fa-facebook-f\"><\/i><\/span><\/a>\n    <a href=\"https:\/\/api.whatsapp.com\/send?text=Le programme d'appui EFFICIENCE+ soutient financi\u00e8rement les entreprises qui ont \u00e9labor\u00e9 une convention d'objectifs avec l'AEnEC pour la mise en \u0153uvre de mesures d'\u00e9lectricit\u00e9 qui ne sont pas imm\u00e9diatement rentables sur le plan \u00e9conomique. Concr\u00e8tement, il s'agit de mesures dont le d\u00e9lai de r\u00e9cup\u00e9ration est sup\u00e9rieur \u00e0 quatre ans. https:\/\/dev.enaw.bertaeins.ch\/fr\/effizienz-finanzielle-unterstuetzung-fuer-einfache-massnahmen\" target=\"_blank\"><span><i class=\"fab fa-whatsapp\"><\/i><\/span><\/a>\n    <a href=\"mailto:?subject=EFFICIENCE+, un soutienfinancier pour des mesures simples&#038;body=Le programme d'appui EFFICIENCE+ soutient financi\u00e8rement les entreprises qui ont \u00e9labor\u00e9 une convention d'objectifs avec l'AEnEC pour la mise en \u0153uvre de mesures d'\u00e9lectricit\u00e9 qui ne sont pas imm\u00e9diatement rentables sur le plan \u00e9conomique. Concr\u00e8tement, il s'agit de mesures dont le d\u00e9lai de r\u00e9cup\u00e9ration est sup\u00e9rieur \u00e0 quatre ans. https:\/\/dev.enaw.bertaeins.ch\/fr\/effizienz-finanzielle-unterstuetzung-fuer-einfache-massnahmen\" target=\"_blank\"><span><i class=\"fas fa-envelope\"><\/i><\/span><\/a>\n<\/div>\n        <\/div>\n    <\/section>\n\n    <div class=\"single-post-section-triger-end\"><\/div>\n\n    <script>\n        var controller = new ScrollMagic.Controller();\n\n        new ScrollMagic.Scene({\n            triggerElement: \".share-links-block-section\",\n            triggerHook: 0.8,\n            offset: 0\n        })\n            .setClassToggle(\".share-links-block-section\", \"visibleBlock\")\n            .addTo(controller);\n    <\/script>\n\n<\/div>\n\n\n\n<div class=\"wp-block-column is-layout-flow wp-block-column-is-layout-flow\">\n    <div class=\"sidebar-content visibleInBackend\">\n        \n        \n\n        \n        <div class=\"single-post-sidebar-menu-triger-start\"><\/div>\n\n<div class=\"infobox-block \">\n    <div class=\"infobox-block-title\">\n        <h3> EFFICIENCE<sup>+<\/sup><\/h3>\n    <\/div>\n\n    <div class=\"infobox-block-hidden-content\">\n                    <div class=\"smaller-text-block\">\n                <p>Le programme d\u2019appui EFFICIENCE<sup>+<\/sup>\u00a0offre un soutien financier pour la mise en oeuvre de mesures d\u2019\u00e9conomie d\u2019\u00e9lectricit\u00e9 dont le temps de retour sur investissement est sup\u00e9rieur \u00e0 4 ans.<\/p>\n<p>&nbsp;<\/p>\n<p>&nbsp;<\/p>\n            <\/div>\n        \n        \n        <ul class=\"links\"><\/ul>\n\n                    <div class=\"btn-block\">\n                <a href=\"https:\/\/enaw.ch\/fr\/angebot\/efficience-plus\" target=\"_blank\" class=\"main-btn\">Plus d&rsquo;informations<\/a>\n            <\/div>\n            <\/div>\n<\/div>\n\n            <\/div>\n\n    <script>\n        var controller = new ScrollMagic.Controller();\n\n        new ScrollMagic.Scene({\n            triggerElement: \".sidebar-content\",\n            triggerHook: 0.8,\n            offset: 0\n        })\n            .setClassToggle(\".sidebar-content\", \"visibleBlock\")\n            .addTo(controller);\n    <\/script>\n\n<\/div>\n<\/div>\n\n\n\n                        <section class=\"related-posts-block block-paddings blue-light-bg\">\n                <div class=\"container-main\">\n                    <div class=\"title-block title-block-69edd5575c6ae\">\n                        <h2>Articles connexes<\/h2>\n                    <\/div>\n\n                    <div class=\"posts-cards visibleInBackend\">\n                                                                                    <div class=\"post-card-wrapper\">\n                                                                                                                                                \n<a href=\"https:\/\/dev.enaw.bertaeins.ch\/fr\/la-gestion-efficace-des-ressources-un-processus-qui-sinscrit-dans-la-duree\" class=\"post-card post-card-desk-27580 visibleInBackend\" id=\"27580\">\n    \n            <div class=\"post-photo\" style=\"background-image: url(https:\/\/dev.enaw.bertaeins.ch\/wp-content\/uploads\/2025\/05\/portrait_almut_sanchen-3-800x1200.jpg);\">\n            <img decoding=\"async\" src=\"https:\/\/dev.enaw.bertaeins.ch\/wp-content\/themes\/enaw_v2\/assets\/images\/post_card_sidebar.png\" alt=\"La gestion efficace des ressources, un processus qui s\u2019inscrit dans la dur\u00e9e\" \/>\n        <\/div>\n    \n\n    <div class=\"post-info\">\n        <div class=\"post-tags\">\n                                    \n        <div class=\"tag  \">Actualit\u00e9<\/div>    <div class=\"tag  \">Efficacit\u00e9 des ressources<\/div>    <div class=\"tag  \">Efficacit\u00e9 des ressources<\/div>    <div class=\"tag  \">Zurich<\/div>\n\n        <\/div>\n\n        <p class=\"post-date\">20.05.2025<\/p>\n\n        <h3>La gestion efficace des ressources, un processus qui s\u2019inscrit dans la dur\u00e9e<\/h3>\n\n                    <p class=\"post-desc margin-bottom-0\">\n                Mettre en \u0153uvre l&rsquo;offre de l&rsquo;AEnEC \u00ab\u00a0Gestion efficace des ressources\u00a0\u00bb demande aux entreprises de s&rsquo;inscrire dans un temps long. La gestion efficace des ressources est en effet un processus qui se d\u00e9ploie dans la dur\u00e9e, comme l\u2019expliquent Almut Sanchen et Andreas Santschi, conseill\u00e8re et conseiller AEnEC.            <\/p>\n        \n        <div class=\"btn-block\">\n            <div class=\"main-btn\">Lire plus<\/div>\n        <\/div>\n    <\/div>\n<\/a>\n\n<script>\n    var controller = new ScrollMagic.Controller();\n\n    new ScrollMagic.Scene({\n        triggerElement: \".post-card.post-card-desk-27580\",\n        triggerHook: 0.85,\n        offset: 0\n    })\n        .setClassToggle(\".post-card.post-card-desk-27580\", \"visibleBlock\")\n        .addTo(controller);\n<\/script>                                <\/div>\n                                                                                                                <div class=\"post-card-wrapper\">\n                                                                                                                                                \n<a href=\"https:\/\/dev.enaw.bertaeins.ch\/fr\/magazin-nordmann\" class=\"post-card post-card-desk-24566 visibleInBackend\" id=\"24566\">\n    \n            <div class=\"post-photo\" style=\"background-image: url(https:\/\/dev.enaw.bertaeins.ch\/wp-content\/uploads\/2024\/09\/Roger_Nordmann_2019-e1729170067245.jpg);\">\n            <img decoding=\"async\" src=\"https:\/\/dev.enaw.bertaeins.ch\/wp-content\/themes\/enaw_v2\/assets\/images\/post_card_sidebar.png\" alt=\"Au 1er janvier 2025, le Big Bang pour l&rsquo;industrie\u00a0\u00a0\" \/>\n        <\/div>\n    \n\n    <div class=\"post-info\">\n        <div class=\"post-tags\">\n                                    \n        <div class=\"tag  \">Actualit\u00e9<\/div>    <div class=\"tag  \">Administration et Politique<\/div>    <div class=\"tag  \">Autres<\/div>    <div class=\"tag  \">Tous<\/div>    <div class=\"tag  \">Berne<\/div>    <div class=\"tag  \">Zurich<\/div>    <div class=\"tag  \">Administration\/Politique<\/div>\n\n        <\/div>\n\n        <p class=\"post-date\">25.10.2024<\/p>\n\n        <h3>Au 1er janvier 2025, le Big Bang pour l&rsquo;industrie\u00a0\u00a0<\/h3>\n\n                    <p class=\"post-desc margin-bottom-0\">\n                Au d\u00e9but 2025, trois modifications l\u00e9gislatives importantes pour les entreprises entreront simultan\u00e9ment en vigueur.\u00a0Exigeant, ce nouveau cadre l\u00e9gal offre d&rsquo;incroyables opportunit\u00e9s d&rsquo;innovation pour les entreprises.            <\/p>\n        \n        <div class=\"btn-block\">\n            <div class=\"main-btn\">Lire plus<\/div>\n        <\/div>\n    <\/div>\n<\/a>\n\n<script>\n    var controller = new ScrollMagic.Controller();\n\n    new ScrollMagic.Scene({\n        triggerElement: \".post-card.post-card-desk-24566\",\n        triggerHook: 0.85,\n        offset: 0\n    })\n        .setClassToggle(\".post-card.post-card-desk-24566\", \"visibleBlock\")\n        .addTo(controller);\n<\/script>                                <\/div>\n                                                                        <\/div>\n                <\/div>\n\n                            <\/section>\n\n            <script>\n                var controller = new ScrollMagic.Controller();\n\n                new ScrollMagic.Scene({\n                    triggerElement: \".title-block-69edd5575c6ae\",\n                    triggerHook: 0.8,\n                    offset: 0\n                })\n                    .setClassToggle(\".title-block-69edd5575c6ae\", \"visibleBlock\")\n                    .addTo(controller);\n\n                new ScrollMagic.Scene({\n                    triggerElement: \".related-posts-block .posts-cards\",\n                    triggerHook: 0.8,\n                    offset: 0\n                })\n                    .setClassToggle(\".related-posts-block .posts-cards\", \"visibleBlock\")\n                    .addTo(controller);\n            <\/script>\n            \n\n\n","protected":false},"excerpt":{"rendered":"<p>Le programme d\u2019appui EFFICIENCE+ offre un soutien financier aux entreprises qui ont \u00e9labor\u00e9 une convention d\u2019objectifs avec l\u2019appui de l\u2019AEnEC. Ce soutien s\u2019applique \u00e0 la mise en \u0153uvre de mesures d&rsquo;am\u00e9lioration dans le domaine de l\u2019\u00e9lectricit\u00e9 qui ne sont pas imm\u00e9diatement rentables, car la dur\u00e9e de leur amortissement est de plus de quatre ans. Si [&hellip;]<\/p>\n","protected":false},"author":13,"featured_media":25039,"comment_status":"closed","ping_status":"open","sticky":false,"template":"","format":"standard","meta":{"_acf_changed":false,"inline_featured_image":false,"footnotes":""},"categories":[3],"tags":[],"kanton":[127],"thema":[256],"produkt":[221],"rubrik":[304],"branche":[280],"class_list":["post-25166","post","type-post","status-publish","format-standard","has-post-thumbnail","hentry","category-non-classifiee","kanton-zurich","thema-tous","produkt-efficience","rubrik-actualite","branche-autres"],"acf":[],"yoast_head":"<!-- This site is optimized with the Yoast SEO Premium plugin v22.5 (Yoast SEO v24.9) - https:\/\/yoast.com\/wordpress\/plugins\/seo\/ -->\n<title>EFFICIENCE+, un soutienfinancier pour des mesures simples | Agence de l\u2019\u00e9nergie pour l\u2019\u00e9conomie<\/title>\n<meta name=\"description\" content=\"Le programme d&#039;appui EFFICIENCE+ soutient financi\u00e8rement les entreprises qui ont \u00e9labor\u00e9 une convention d&#039;objectifs avec l&#039;AEnEC pour la mise en \u0153uvre de mesures d&#039;\u00e9lectricit\u00e9 qui ne sont pas imm\u00e9diatement rentables sur le plan \u00e9conomique. Concr\u00e8tement, il s&#039;agit de mesures dont le d\u00e9lai de r\u00e9cup\u00e9ration est sup\u00e9rieur \u00e0 quatre ans.\" \/>\n<meta name=\"robots\" content=\"index, follow, max-snippet:-1, max-image-preview:large, max-video-preview:-1\" \/>\n<link rel=\"canonical\" href=\"https:\/\/dev.enaw.bertaeins.ch\/residual\/welches-angebot-passt-zu-meinem-unternehmen\" \/>\n<meta property=\"og:locale\" content=\"fr_FR\" \/>\n<meta property=\"og:type\" content=\"article\" \/>\n<meta property=\"og:title\" content=\"EFFICIENCE+, un soutienfinancier pour des mesures simples\" \/>\n<meta property=\"og:description\" content=\"Le programme d&#039;appui EFFICIENCE+ soutient financi\u00e8rement les entreprises qui ont \u00e9labor\u00e9 une convention d&#039;objectifs avec l&#039;AEnEC pour la mise en \u0153uvre de mesures d&#039;\u00e9lectricit\u00e9 qui ne sont pas imm\u00e9diatement rentables sur le plan \u00e9conomique. Concr\u00e8tement, il s&#039;agit de mesures dont le d\u00e9lai de r\u00e9cup\u00e9ration est sup\u00e9rieur \u00e0 quatre ans.\" \/>\n<meta property=\"og:url\" content=\"https:\/\/dev.enaw.bertaeins.ch\/residual\/welches-angebot-passt-zu-meinem-unternehmen\" \/>\n<meta property=\"og:site_name\" content=\"Agence de l\u2019\u00e9nergie pour l\u2019\u00e9conomie\" \/>\n<meta property=\"article:publisher\" content=\"https:\/\/www.facebook.com\/enaw.aenec\" \/>\n<meta property=\"article:published_time\" content=\"2024-10-11T14:04:36+00:00\" \/>\n<meta property=\"article:modified_time\" content=\"2024-10-25T09:27:16+00:00\" \/>\n<meta property=\"og:image\" content=\"https:\/\/dev.enaw.bertaeins.ch\/wp-content\/uploads\/2024\/10\/PBER9913-600x400.png\" \/>\n\t<meta property=\"og:image:type\" content=\"image\/png\" \/>\n<meta name=\"author\" content=\"Michel Sutter\" \/>\n<meta name=\"twitter:card\" content=\"summary_large_image\" \/>\n<meta name=\"twitter:creator\" content=\"@info_enaw\" \/>\n<meta name=\"twitter:site\" content=\"@info_enaw\" \/>\n<meta name=\"twitter:label1\" content=\"\u00c9crit par\" \/>\n\t<meta name=\"twitter:data1\" content=\"Michel Sutter\" \/>\n\t<meta name=\"twitter:label2\" content=\"Dur\u00e9e de lecture estim\u00e9e\" \/>\n\t<meta name=\"twitter:data2\" content=\"2 minutes\" \/>\n<script type=\"application\/ld+json\" class=\"yoast-schema-graph\">{\"@context\":\"https:\/\/schema.org\",\"@graph\":[{\"@type\":\"Article\",\"@id\":\"https:\/\/dev.enaw.bertaeins.ch\/residual\/welches-angebot-passt-zu-meinem-unternehmen#article\",\"isPartOf\":{\"@id\":\"https:\/\/dev.enaw.bertaeins.ch\/residual\/welches-angebot-passt-zu-meinem-unternehmen\"},\"author\":{\"name\":\"Michel Sutter\",\"@id\":\"https:\/\/dev.enaw.bertaeins.ch\/#\/schema\/person\/7332642057da33c6c57f8d8d25ba84b1\"},\"headline\":\"EFFICIENCE+, un soutien financier pour des mesures simples\",\"datePublished\":\"2024-10-11T14:04:36+00:00\",\"dateModified\":\"2024-10-25T09:27:16+00:00\",\"mainEntityOfPage\":{\"@id\":\"https:\/\/dev.enaw.bertaeins.ch\/residual\/welches-angebot-passt-zu-meinem-unternehmen\"},\"wordCount\":262,\"publisher\":{\"@id\":\"https:\/\/dev.enaw.bertaeins.ch\/#organization\"},\"image\":{\"@id\":\"https:\/\/dev.enaw.bertaeins.ch\/residual\/welches-angebot-passt-zu-meinem-unternehmen#primaryimage\"},\"thumbnailUrl\":\"https:\/\/dev.enaw.bertaeins.ch\/wp-content\/uploads\/2024\/10\/PBER9913.png\",\"articleSection\":[\"Non classifi\u00e9(e)\"],\"inLanguage\":\"fr-FR\"},{\"@type\":\"WebPage\",\"@id\":\"https:\/\/dev.enaw.bertaeins.ch\/residual\/welches-angebot-passt-zu-meinem-unternehmen\",\"url\":\"https:\/\/dev.enaw.bertaeins.ch\/residual\/welches-angebot-passt-zu-meinem-unternehmen\",\"name\":\"EFFICIENCE+, un soutien financier pour des mesures simples | Agence de l\u2019\u00e9nergie pour l\u2019\u00e9conomie\",\"isPartOf\":{\"@id\":\"https:\/\/dev.enaw.bertaeins.ch\/#website\"},\"primaryImageOfPage\":{\"@id\":\"https:\/\/dev.enaw.bertaeins.ch\/residual\/welches-angebot-passt-zu-meinem-unternehmen#primaryimage\"},\"image\":{\"@id\":\"https:\/\/dev.enaw.bertaeins.ch\/residual\/welches-angebot-passt-zu-meinem-unternehmen#primaryimage\"},\"thumbnailUrl\":\"https:\/\/dev.enaw.bertaeins.ch\/wp-content\/uploads\/2024\/10\/PBER9913.png\",\"datePublished\":\"2024-10-11T14:04:36+00:00\",\"dateModified\":\"2024-10-25T09:27:16+00:00\",\"description\":\"Le programme d'appui EFFICIENCE+ soutient financi\u00e8rement les entreprises qui ont \u00e9labor\u00e9 une convention d'objectifs avec l'AEnEC pour la mise en \u0153uvre de mesures d'\u00e9lectricit\u00e9 qui ne sont pas imm\u00e9diatement rentables sur le plan \u00e9conomique. Concr\u00e8tement, il s'agit de mesures dont le d\u00e9lai de r\u00e9cup\u00e9ration est sup\u00e9rieur \u00e0 quatre ans.\",\"breadcrumb\":{\"@id\":\"https:\/\/dev.enaw.bertaeins.ch\/residual\/welches-angebot-passt-zu-meinem-unternehmen#breadcrumb\"},\"inLanguage\":\"fr-FR\",\"potentialAction\":[{\"@type\":\"ReadAction\",\"target\":[\"https:\/\/dev.enaw.bertaeins.ch\/residual\/welches-angebot-passt-zu-meinem-unternehmen\"]}]},{\"@type\":\"ImageObject\",\"inLanguage\":\"fr-FR\",\"@id\":\"https:\/\/dev.enaw.bertaeins.ch\/residual\/welches-angebot-passt-zu-meinem-unternehmen#primaryimage\",\"url\":\"https:\/\/dev.enaw.bertaeins.ch\/wp-content\/uploads\/2024\/10\/PBER9913.png\",\"contentUrl\":\"https:\/\/dev.enaw.bertaeins.ch\/wp-content\/uploads\/2024\/10\/PBER9913.png\",\"width\":5741,\"height\":3827},{\"@type\":\"BreadcrumbList\",\"@id\":\"https:\/\/dev.enaw.bertaeins.ch\/residual\/welches-angebot-passt-zu-meinem-unternehmen#breadcrumb\",\"itemListElement\":[{\"@type\":\"ListItem\",\"position\":1,\"name\":\"Home\",\"item\":\"https:\/\/dev.enaw.bertaeins.ch\/fr\"},{\"@type\":\"ListItem\",\"position\":2,\"name\":\"EFFICIENCE+, un soutienfinancier pour des mesures simples\"}]},{\"@type\":\"WebSite\",\"@id\":\"https:\/\/dev.enaw.bertaeins.ch\/#website\",\"url\":\"https:\/\/dev.enaw.bertaeins.ch\/\",\"name\":\"Energie-Agentur der Wirtschaft\",\"description\":\"Un autre site web WordPress\",\"publisher\":{\"@id\":\"https:\/\/dev.enaw.bertaeins.ch\/#organization\"},\"potentialAction\":[{\"@type\":\"SearchAction\",\"target\":{\"@type\":\"EntryPoint\",\"urlTemplate\":\"https:\/\/dev.enaw.bertaeins.ch\/?s={search_term_string}\"},\"query-input\":{\"@type\":\"PropertyValueSpecification\",\"valueRequired\":true,\"valueName\":\"search_term_string\"}}],\"inLanguage\":\"fr-FR\"},{\"@type\":\"Organization\",\"@id\":\"https:\/\/dev.enaw.bertaeins.ch\/#organization\",\"name\":\"EnAW Energie-Agentur der Wirtschaft\",\"url\":\"https:\/\/dev.enaw.bertaeins.ch\/\",\"logo\":{\"@type\":\"ImageObject\",\"inLanguage\":\"fr-FR\",\"@id\":\"https:\/\/dev.enaw.bertaeins.ch\/#\/schema\/logo\/image\/\",\"url\":\"https:\/\/enaw.ch\/wp-content\/uploads\/Logos\/EnAW_Logo_DE_RGB_black-1.svg\",\"contentUrl\":\"https:\/\/enaw.ch\/wp-content\/uploads\/Logos\/EnAW_Logo_DE_RGB_black-1.svg\",\"width\":219,\"height\":38,\"caption\":\"EnAW Energie-Agentur der Wirtschaft\"},\"image\":{\"@id\":\"https:\/\/dev.enaw.bertaeins.ch\/#\/schema\/logo\/image\/\"},\"sameAs\":[\"https:\/\/www.facebook.com\/enaw.aenec\",\"https:\/\/x.com\/info_enaw\",\"https:\/\/www.linkedin.com\/company\/enaw\/\"]},{\"@type\":\"Person\",\"@id\":\"https:\/\/dev.enaw.bertaeins.ch\/#\/schema\/person\/7332642057da33c6c57f8d8d25ba84b1\",\"name\":\"Michel Sutter\",\"image\":{\"@type\":\"ImageObject\",\"inLanguage\":\"fr-FR\",\"@id\":\"https:\/\/dev.enaw.bertaeins.ch\/#\/schema\/person\/image\/\",\"url\":\"https:\/\/secure.gravatar.com\/avatar\/8236997c56f080591d92231c83d5fff03f7805ac282845553567d0891a77db3a?s=96&d=mm&r=g\",\"contentUrl\":\"https:\/\/secure.gravatar.com\/avatar\/8236997c56f080591d92231c83d5fff03f7805ac282845553567d0891a77db3a?s=96&d=mm&r=g\",\"caption\":\"Michel Sutter\"},\"url\":\"https:\/\/dev.enaw.bertaeins.ch\/fr\/author\/michel-sutter\"}]}<\/script>\n<!-- \/ Yoast SEO Premium plugin. -->","yoast_head_json":{"title":"EFFICIENCE+, un soutienfinancier pour des mesures simples | Agence de l\u2019\u00e9nergie pour l\u2019\u00e9conomie","description":"Le programme d'appui EFFICIENCE+ soutient financi\u00e8rement les entreprises qui ont \u00e9labor\u00e9 une convention d'objectifs avec l'AEnEC pour la mise en \u0153uvre de mesures d'\u00e9lectricit\u00e9 qui ne sont pas imm\u00e9diatement rentables sur le plan \u00e9conomique. Concr\u00e8tement, il s'agit de mesures dont le d\u00e9lai de r\u00e9cup\u00e9ration est sup\u00e9rieur \u00e0 quatre ans.","robots":{"index":"index","follow":"follow","max-snippet":"max-snippet:-1","max-image-preview":"max-image-preview:large","max-video-preview":"max-video-preview:-1"},"canonical":"https:\/\/dev.enaw.bertaeins.ch\/residual\/welches-angebot-passt-zu-meinem-unternehmen","og_locale":"fr_FR","og_type":"article","og_title":"EFFICIENCE+, un soutienfinancier pour des mesures simples","og_description":"Le programme d'appui EFFICIENCE+ soutient financi\u00e8rement les entreprises qui ont \u00e9labor\u00e9 une convention d'objectifs avec l'AEnEC pour la mise en \u0153uvre de mesures d'\u00e9lectricit\u00e9 qui ne sont pas imm\u00e9diatement rentables sur le plan \u00e9conomique. Concr\u00e8tement, il s'agit de mesures dont le d\u00e9lai de r\u00e9cup\u00e9ration est sup\u00e9rieur \u00e0 quatre ans.","og_url":"https:\/\/dev.enaw.bertaeins.ch\/residual\/welches-angebot-passt-zu-meinem-unternehmen","og_site_name":"Agence de l\u2019\u00e9nergie pour l\u2019\u00e9conomie","article_publisher":"https:\/\/www.facebook.com\/enaw.aenec","article_published_time":"2024-10-11T14:04:36+00:00","article_modified_time":"2024-10-25T09:27:16+00:00","og_image":[{"url":"https:\/\/dev.enaw.bertaeins.ch\/wp-content\/uploads\/2024\/10\/PBER9913-600x400.png","type":"image\/png","width":"","height":""}],"author":"Michel Sutter","twitter_card":"summary_large_image","twitter_creator":"@info_enaw","twitter_site":"@info_enaw","twitter_misc":{"\u00c9crit par":"Michel Sutter","Dur\u00e9e de lecture estim\u00e9e":"2 minutes"},"schema":{"@context":"https:\/\/schema.org","@graph":[{"@type":"Article","@id":"https:\/\/dev.enaw.bertaeins.ch\/residual\/welches-angebot-passt-zu-meinem-unternehmen#article","isPartOf":{"@id":"https:\/\/dev.enaw.bertaeins.ch\/residual\/welches-angebot-passt-zu-meinem-unternehmen"},"author":{"name":"Michel Sutter","@id":"https:\/\/dev.enaw.bertaeins.ch\/#\/schema\/person\/7332642057da33c6c57f8d8d25ba84b1"},"headline":"EFFICIENCE+, un soutien financier pour des mesures simples","datePublished":"2024-10-11T14:04:36+00:00","dateModified":"2024-10-25T09:27:16+00:00","mainEntityOfPage":{"@id":"https:\/\/dev.enaw.bertaeins.ch\/residual\/welches-angebot-passt-zu-meinem-unternehmen"},"wordCount":262,"publisher":{"@id":"https:\/\/dev.enaw.bertaeins.ch\/#organization"},"image":{"@id":"https:\/\/dev.enaw.bertaeins.ch\/residual\/welches-angebot-passt-zu-meinem-unternehmen#primaryimage"},"thumbnailUrl":"https:\/\/dev.enaw.bertaeins.ch\/wp-content\/uploads\/2024\/10\/PBER9913.png","articleSection":["Non classifi\u00e9(e)"],"inLanguage":"fr-FR"},{"@type":"WebPage","@id":"https:\/\/dev.enaw.bertaeins.ch\/residual\/welches-angebot-passt-zu-meinem-unternehmen","url":"https:\/\/dev.enaw.bertaeins.ch\/residual\/welches-angebot-passt-zu-meinem-unternehmen","name":"EFFICIENCE+, un soutien financier pour des mesures simples | Agence de l\u2019\u00e9nergie pour l\u2019\u00e9conomie","isPartOf":{"@id":"https:\/\/dev.enaw.bertaeins.ch\/#website"},"primaryImageOfPage":{"@id":"https:\/\/dev.enaw.bertaeins.ch\/residual\/welches-angebot-passt-zu-meinem-unternehmen#primaryimage"},"image":{"@id":"https:\/\/dev.enaw.bertaeins.ch\/residual\/welches-angebot-passt-zu-meinem-unternehmen#primaryimage"},"thumbnailUrl":"https:\/\/dev.enaw.bertaeins.ch\/wp-content\/uploads\/2024\/10\/PBER9913.png","datePublished":"2024-10-11T14:04:36+00:00","dateModified":"2024-10-25T09:27:16+00:00","description":"Le programme d'appui EFFICIENCE+ soutient financi\u00e8rement les entreprises qui ont \u00e9labor\u00e9 une convention d'objectifs avec l'AEnEC pour la mise en \u0153uvre de mesures d'\u00e9lectricit\u00e9 qui ne sont pas imm\u00e9diatement rentables sur le plan \u00e9conomique. Concr\u00e8tement, il s'agit de mesures dont le d\u00e9lai de r\u00e9cup\u00e9ration est sup\u00e9rieur \u00e0 quatre ans.","breadcrumb":{"@id":"https:\/\/dev.enaw.bertaeins.ch\/residual\/welches-angebot-passt-zu-meinem-unternehmen#breadcrumb"},"inLanguage":"fr-FR","potentialAction":[{"@type":"ReadAction","target":["https:\/\/dev.enaw.bertaeins.ch\/residual\/welches-angebot-passt-zu-meinem-unternehmen"]}]},{"@type":"ImageObject","inLanguage":"fr-FR","@id":"https:\/\/dev.enaw.bertaeins.ch\/residual\/welches-angebot-passt-zu-meinem-unternehmen#primaryimage","url":"https:\/\/dev.enaw.bertaeins.ch\/wp-content\/uploads\/2024\/10\/PBER9913.png","contentUrl":"https:\/\/dev.enaw.bertaeins.ch\/wp-content\/uploads\/2024\/10\/PBER9913.png","width":5741,"height":3827},{"@type":"BreadcrumbList","@id":"https:\/\/dev.enaw.bertaeins.ch\/residual\/welches-angebot-passt-zu-meinem-unternehmen#breadcrumb","itemListElement":[{"@type":"ListItem","position":1,"name":"Home","item":"https:\/\/dev.enaw.bertaeins.ch\/fr"},{"@type":"ListItem","position":2,"name":"EFFICIENCE+, un soutienfinancier pour des mesures simples"}]},{"@type":"WebSite","@id":"https:\/\/dev.enaw.bertaeins.ch\/#website","url":"https:\/\/dev.enaw.bertaeins.ch\/","name":"Energie-Agentur der Wirtschaft","description":"Un autre site web WordPress","publisher":{"@id":"https:\/\/dev.enaw.bertaeins.ch\/#organization"},"potentialAction":[{"@type":"SearchAction","target":{"@type":"EntryPoint","urlTemplate":"https:\/\/dev.enaw.bertaeins.ch\/?s={search_term_string}"},"query-input":{"@type":"PropertyValueSpecification","valueRequired":true,"valueName":"search_term_string"}}],"inLanguage":"fr-FR"},{"@type":"Organization","@id":"https:\/\/dev.enaw.bertaeins.ch\/#organization","name":"EnAW Energie-Agentur der Wirtschaft","url":"https:\/\/dev.enaw.bertaeins.ch\/","logo":{"@type":"ImageObject","inLanguage":"fr-FR","@id":"https:\/\/dev.enaw.bertaeins.ch\/#\/schema\/logo\/image\/","url":"https:\/\/enaw.ch\/wp-content\/uploads\/Logos\/EnAW_Logo_DE_RGB_black-1.svg","contentUrl":"https:\/\/enaw.ch\/wp-content\/uploads\/Logos\/EnAW_Logo_DE_RGB_black-1.svg","width":219,"height":38,"caption":"EnAW Energie-Agentur der Wirtschaft"},"image":{"@id":"https:\/\/dev.enaw.bertaeins.ch\/#\/schema\/logo\/image\/"},"sameAs":["https:\/\/www.facebook.com\/enaw.aenec","https:\/\/x.com\/info_enaw","https:\/\/www.linkedin.com\/company\/enaw\/"]},{"@type":"Person","@id":"https:\/\/dev.enaw.bertaeins.ch\/#\/schema\/person\/7332642057da33c6c57f8d8d25ba84b1","name":"Michel Sutter","image":{"@type":"ImageObject","inLanguage":"fr-FR","@id":"https:\/\/dev.enaw.bertaeins.ch\/#\/schema\/person\/image\/","url":"https:\/\/secure.gravatar.com\/avatar\/8236997c56f080591d92231c83d5fff03f7805ac282845553567d0891a77db3a?s=96&d=mm&r=g","contentUrl":"https:\/\/secure.gravatar.com\/avatar\/8236997c56f080591d92231c83d5fff03f7805ac282845553567d0891a77db3a?s=96&d=mm&r=g","caption":"Michel Sutter"},"url":"https:\/\/dev.enaw.bertaeins.ch\/fr\/author\/michel-sutter"}]}},"_links":{"self":[{"href":"https:\/\/dev.enaw.bertaeins.ch\/fr\/wp-json\/wp\/v2\/posts\/25166","targetHints":{"allow":["GET"]}}],"collection":[{"href":"https:\/\/dev.enaw.bertaeins.ch\/fr\/wp-json\/wp\/v2\/posts"}],"about":[{"href":"https:\/\/dev.enaw.bertaeins.ch\/fr\/wp-json\/wp\/v2\/types\/post"}],"author":[{"embeddable":true,"href":"https:\/\/dev.enaw.bertaeins.ch\/fr\/wp-json\/wp\/v2\/users\/13"}],"replies":[{"embeddable":true,"href":"https:\/\/dev.enaw.bertaeins.ch\/fr\/wp-json\/wp\/v2\/comments?post=25166"}],"version-history":[{"count":9,"href":"https:\/\/dev.enaw.bertaeins.ch\/fr\/wp-json\/wp\/v2\/posts\/25166\/revisions"}],"predecessor-version":[{"id":25429,"href":"https:\/\/dev.enaw.bertaeins.ch\/fr\/wp-json\/wp\/v2\/posts\/25166\/revisions\/25429"}],"wp:featuredmedia":[{"embeddable":true,"href":"https:\/\/dev.enaw.bertaeins.ch\/fr\/wp-json\/wp\/v2\/media\/25039"}],"wp:attachment":[{"href":"https:\/\/dev.enaw.bertaeins.ch\/fr\/wp-json\/wp\/v2\/media?parent=25166"}],"wp:term":[{"taxonomy":"category","embeddable":true,"href":"https:\/\/dev.enaw.bertaeins.ch\/fr\/wp-json\/wp\/v2\/categories?post=25166"},{"taxonomy":"post_tag","embeddable":true,"href":"https:\/\/dev.enaw.bertaeins.ch\/fr\/wp-json\/wp\/v2\/tags?post=25166"},{"taxonomy":"kanton","embeddable":true,"href":"https:\/\/dev.enaw.bertaeins.ch\/fr\/wp-json\/wp\/v2\/kanton?post=25166"},{"taxonomy":"thema","embeddable":true,"href":"https:\/\/dev.enaw.bertaeins.ch\/fr\/wp-json\/wp\/v2\/thema?post=25166"},{"taxonomy":"produkt","embeddable":true,"href":"https:\/\/dev.enaw.bertaeins.ch\/fr\/wp-json\/wp\/v2\/produkt?post=25166"},{"taxonomy":"rubrik","embeddable":true,"href":"https:\/\/dev.enaw.bertaeins.ch\/fr\/wp-json\/wp\/v2\/rubrik?post=25166"},{"taxonomy":"branche","embeddable":true,"href":"https:\/\/dev.enaw.bertaeins.ch\/fr\/wp-json\/wp\/v2\/branche?post=25166"}],"curies":[{"name":"wp","href":"https:\/\/api.w.org\/{rel}","templated":true}]}}