{"id":7411,"date":"2019-04-10T14:16:00","date_gmt":"2019-04-10T12:16:00","guid":{"rendered":"https:\/\/enaw.ch\/effizient-hergestellte-waschmaschinen\/"},"modified":"2023-06-08T17:13:33","modified_gmt":"2023-06-08T15:13:33","slug":"schulthess-impeccable-depuis-le-mode-de-fabrication-de-ses-appareils-jusqua-la-proprete-du-linge","status":"publish","type":"post","link":"https:\/\/dev.enaw.bertaeins.ch\/fr\/schulthess-impeccable-depuis-le-mode-de-fabrication-de-ses-appareils-jusqua-la-proprete-du-linge","title":{"rendered":"SCHULTHESS, IMPECCABLE DEPUIS LE MODE DE FABRICATION DE SES APPAREILS JUSQU\u2019\u00c0 LA PROPRET\u00c9 DU LINGE"},"content":{"rendered":"\n<div class=\"wp-block-columns is-style-block-with-sidebar is-layout-flex wp-container-core-columns-is-layout-9d6595d7 wp-block-columns-is-layout-flex\">\n<div class=\"wp-block-column is-layout-flow wp-block-column-is-layout-flow\">\n<p class=\"is-style-lead-paragraph\">Les lave-linge Schulthess sont synonymes de linge impeccable, mais aussi de comptabilit\u00e9 \u00e9nerg\u00e9tique irr\u00e9prochable : leur fabrication pr\u00e9sente une performance \u00e9nerg\u00e9tique admirable. Avec l\u2019AEnEC, l\u2019entreprise de l\u2019Oberland zurichois am\u00e9liore sans cesse son efficacit\u00e9 \u00e9nerg\u00e9tique.<\/p>\n\n\n\n            <section class=\"container-media-slider-block block-paddings  \">\n            <div class=\"container-main\">\n                <div class=\"container-media-slider-content\">\n                    <div class=\"container-media-slider visibleInBackend\" id=\"container-media-slider-69ee38a915fb7\">\n                                                    \n                            <div class=\"item-block\">\n                                                                                                                                                                \n                                \n                                                                                                            <div class=\"simple-image desk  \" style=\"background-image: url(https:\/\/dev.enaw.bertaeins.ch\/wp-content\/uploads\/Aktuell\/schulthess_slider_1068x565px_web.jpg)\"><\/div>\n\n                                        <div class=\"simple-image mob  \" style=\"background-image: url(https:\/\/dev.enaw.bertaeins.ch\/wp-content\/uploads\/Aktuell\/schulthess_slider_1068x565px_web.jpg)\"><\/div>\n                                                                    \n                                                            <\/div>\n                                            <\/div>\n\n                    <div class=\"container-media-slider-nav\" id=\"container-media-slider-nav-69ee38a915fb7\">\n                                                                                    <div class=\"item-block\">\n                                    <p class=\"small margin-bottom-0\">Tous les lave-linge et s\u00e8che-linge sont fabriqu\u00e9s \u00e0 Wolfhausen, dans l\u2019Oberland zurichois.<\/p>\n                                <\/div>\n                                                                        <\/div>\n\n                                    <\/div>\n            <\/div>\n        <\/section>\n\n        <script>\n            jQuery( function( $ ) {\n                const media_slider__container_el_69ee38a915fb7 = $('#container-media-slider-69ee38a915fb7').slick({\n                    dots: false,\n                    arrows: true,\n                    infinite: true,\n                    fade: true,\n                    speed: 500,\n                    autoplaySpeed: 5000,\n                    cssEase: 'linear',\n                    autoplay: false,\n                    slidesToShow: 1,\n                    slidesToScroll: 1,\n                    asNavFor: '#container-media-slider-nav-69ee38a915fb7',\n                });\n\n                media_slider__container_el_69ee38a915fb7.on('click', function (event, slick, currentSlide, nextSlide) {\n                    if($(event.target).hasClass('slick-arrow')) {\n                        stop_body_slider_all_videos($);\n                    }\n                });\n\n                media_slider__container_el_69ee38a915fb7.on('swipe', function (event, slick, currentSlide, nextSlide) {\n                    stop_body_slider_all_videos($);\n                });\n\n                const media_slider__container_nav_el_69ee38a915fb7 = $('#container-media-slider-nav-69ee38a915fb7').slick({\n                    dots: false,\n                    arrows: false,\n                    infinite: true,\n                    fade: true,\n                    speed: 500,\n                    autoplaySpeed: 5000,\n                    cssEase: 'linear',\n                    asNavFor: '#container-media-slider-69ee38a915fb7',\n                    autoplay: false,\n                    slidesToShow: 1,\n                    slidesToScroll: 1,\n                });\n\n                media_slider__container_nav_el_69ee38a915fb7.on('click', function (event, slick, currentSlide, nextSlide) {\n                    stop_slider_video($);\n                });\n\n                media_slider__container_nav_el_69ee38a915fb7.on('swipe', function (event, slick, currentSlide, nextSlide) {\n                    stop_slider_video($);\n                });\n            });\n        <\/script>\n\n        <script>\n            var controller = new ScrollMagic.Controller();\n\n            new ScrollMagic.Scene({\n                triggerElement: \"#container-media-slider-69ee38a915fb7\",\n                triggerHook: 0.8,\n                offset: 0\n            })\n                .setClassToggle(\"#container-media-slider-69ee38a915fb7\", \"visibleBlock\")\n                .addTo(controller);\n        <\/script>\n    \n\n\n\n<p>Schulthess Maschinen SA, cette entreprise de tradition, fabrique des lave-linge et des s\u00e8che-linge pour les maisons individuelles, les immeubles d\u2019habitation et les exploitations commerciales. Fond\u00e9e en 1845, l\u2019entreprise emploie aujourd\u2019hui 400 collaborateurs et collaboratrices, en grande partie dans son service \u00e0 la client\u00e8le. Elle est disponible pour sa client\u00e8le en permanence et particuli\u00e8rement \u00e0 l\u2019\u00e9coute de celle-ci. Les exigences qualitatives sont tr\u00e8s \u00e9lev\u00e9es pour la production de lave-linge et de s\u00e8che-linge. \u00ab Command\u00e9 aujourd\u2019hui, livr\u00e9 demain \u00bb : ce principe est appliqu\u00e9 aux appareils con\u00e7us sur mesure pour les habitations de toute taille, pour le soin de tous types de textiles, dans les exploitations en tout genre et pour satisfaire \u00e0 tous les besoins. Voici pr\u00e8s de soixante ans, Schulthess lan\u00e7ait le premier lave-linge domestique d\u2019Europe. \u00ab Nous avons conserv\u00e9 ce r\u00f4le de pionnier \u00bb, relate Daniel Zehnder. \u00c0 la t\u00eate du service des syst\u00e8mes de gestion, Daniel Zehnder est charg\u00e9 de la qualit\u00e9 et de l\u2019environnement et responsable de la s\u00e9curit\u00e9 au travail. \u00ab Aujourd\u2019hui encore,&nbsp;nos appareils sont parmi les plus innovants au monde. \u00bb Trois principes fondamentaux font la force de l\u2019entreprise : les sp\u00e9cificit\u00e9s suisses, la qualit\u00e9 et la durabilit\u00e9. D\u00e9velopp\u00e9s et produits \u00e0 Wolfhausen, dans l\u2019Oberland zurichois, les appareils se distinguent par l\u2019emploi de mat\u00e9riaux de qualit\u00e9, par un travail de pr\u00e9cision et par leur longue dur\u00e9e de vie. Et le d\u00e9veloppement durable ? En plus de fournir des appareils dont la consommation d\u2019eau et d\u2019\u00e9lectricit\u00e9 est minimale, l\u2019entreprise s\u2019engage pour les produire avec un maximum d\u2019efficacit\u00e9 \u00e9nerg\u00e9tique, en collaboration avec l\u2019AEnEC.<\/p>\n\n\n\n                    <div id=\"r69ee38a916525\" class=\"default-single-post-title show-in-sidebar-menu\">\n                <h4>LA QUALIT\u00c9, UNE VALEUR DURABLE<\/h4>\n            <\/div>\n        \n\n\n\n<p>\u00ab Produits par des machines avec des compl\u00e9ments manuels \u00bb, voil\u00e0 la recette qui&nbsp;assure le succ\u00e8s de la production des lave-linge et des s\u00e8che-linge \u00e0 pompe \u00e0 chaleur. Des poin\u00e7onneuses ultramodernes et des robots parfaitement programm\u00e9s s\u2019allient \u00e0 des mains pr\u00e9cises, occup\u00e9es surtout au montage final et aux nombreux contr\u00f4les finaux. Il y a de l\u2019amour dans cette fabrication. En t\u00e9moigne le mot de \u00ab mariage \u00bb utilis\u00e9 pour d\u00e9crire l\u2019assemblage de la cuve et du bo\u00eetier des machines. Les cuves des machines Schulthess sont en acier chrom\u00e9. C\u2019est une sp\u00e9cificit\u00e9 de l\u2019entreprise, puisque sur le march\u00e9, on trouve des machines dans lesquelles ces \u00e9l\u00e9ments sont exclusivement en plastique. Or, c\u2019est pr\u00e9cis\u00e9ment l\u2019acier chrom\u00e9 qui garantit la r\u00e9sistance et la long\u00e9vit\u00e9 des appareils Schulthess.<\/p>\n\n\n\n                    <div id=\"r69ee38a916701\" class=\"default-single-post-title show-in-sidebar-menu\">\n                <h4>SOLIDIT\u00c9, LUMINOSIT\u00c9, \u00c9CONOMIE<\/h4>\n            <\/div>\n        \n\n\n\n<p>La port\u00e9e de la collaboration avec l\u2019AEnEC se traduit aussi dans les derniers chiffres : \u00e0 ce jour, gr\u00e2ce aux diverses mesures d\u2019am\u00e9lioration, Schulthess Maschinen SA a r\u00e9duit sa facture \u00e9nerg\u00e9tique annuelle de 19&nbsp;600 francs. Un exemple ? L\u2019\u00e9clairage est aujourd\u2019hui en grande partie assur\u00e9 par du LED, avec encore 300 \u00e0 400 lampes LED suppl\u00e9mentaires pr\u00e9vues d\u2019ici la fin de l\u2019ann\u00e9e. \u00ab C\u2019est tout de m\u00eame un investissement \u00bb, commente Daniel Zehnder, \u00ab mais il en vaut la peine : la consommation diminue de plus de 20&nbsp;% et ces \u00e9clairages sont nettement plus solides. Les collaborateurs qui s\u2019occupent de l\u2019entretien sont ravis de devoir changer des ampoules moins souvent. \u00bb Des d\u00e9tecteurs de mouvement ont aussi \u00e9t\u00e9 install\u00e9s et les portes d\u2019acc\u00e8s aux halles de production, promptes \u00e0 tomber en panne et qui laissaient s\u2019\u00e9chapper beaucoup de chaleur, ont \u00e9t\u00e9 r\u00e9nov\u00e9es. Automatis\u00e9es, plus rapides, elles sont maintenant ouvertes et ferm\u00e9es par une simple t\u00e9l\u00e9commande pilot\u00e9e par les conducteurs de chariots \u00e9l\u00e9vateurs.<\/p>\n\n\n\n                    <div id=\"r69ee38a916856\" class=\"default-single-post-title show-in-sidebar-menu\">\n                <h4>NOUVELLE CONCEPTION DE L\u2019\u00c9NERGIE<\/h4>\n            <\/div>\n        \n\n\n\n<p>Dans les halles de production, chacun est affair\u00e9, et la temp\u00e9rature est \u00e9lev\u00e9e. Voil\u00e0 une situation dont s\u2019aga\u00e7ait Daniel Zehnder depuis longtemps : \u00ab Nous avons une quantit\u00e9 extr\u00eame de rejets de chaleur, mais nous ne les utilisons pas \u00bb, remarque-t-il. Le nouveau projet qu\u2019il a \u00e9labor\u00e9 avec ses conseillers AEnEC doit rem\u00e9dier \u00e0 cet \u00e9tat de fait : \u00ab Dans une prochaine \u00e9tape, nous voulons remplacer notre chaudi\u00e8re \u00e0 mazout par trois \u00e0 quatre chauffages d\u00e9centralis\u00e9s \u00bb, explique-t-il. Pour que les temp\u00e9ratures \u00e9lev\u00e9es \u00e9mises par la production puissent \u00eatre employ\u00e9es efficacement, ces chauffages devront \u00eatre \u00e9quip\u00e9s pour les rejets de chaleur. Ces mesures d\u2019am\u00e9lioration visent principalement \u00e0 agir sur l\u2019intensit\u00e9 en CO<sub>2<\/sub>&nbsp;de l\u2019exploitation. Et si le calendrier est respect\u00e9, les transformations seront achev\u00e9es au printemps 2020.<\/p>\n\n\n\n                    <div id=\"r69ee38a916990\" class=\"default-single-post-title show-in-sidebar-menu\">\n                <h4>FRUCTUEUX \u00c9CHANGES<\/h4>\n            <\/div>\n        \n\n\n\n<p>Faute d\u2019\u00e9changes, une panne d\u2019inspiration peut survenir lorsque l\u2019on est en qu\u00eate d\u2019optimisation des processus dans son exploitation. Pour pallier ce risque, Jan Hollenstein,&nbsp; conseiller AEnEC, organise chaque ann\u00e9e avec son coll\u00e8gue Mario Roost une rencontre pour les participants du groupe \u00ab 2013plus \u00bb dont font notamment partie L\u00e4ckerli Huus AG et TBB Immobilien SA en plus de Schulthess Maschinen SA. Durant la rencontre, les \u00e9changes sur les sujets d\u2019actualit\u00e9 vont bon train, et les membres apprennent \u00e0 mieux conna\u00eetre l\u2019entreprise qui les accueille. \u00ab Nous voulons toujours cr\u00e9er de la valeur pour les participants aux r\u00e9unions du groupe \u00bb, explique Jan Hollenstein. \u00ab Soit nous pr\u00e9parons des contenus qui concernent tous les participants, soit nous invitons un sp\u00e9cialiste qui nous pr\u00e9sentera des sujets qui les int\u00e9ressent. \u00bb<\/p>\n\n\n\n            <section class=\"infos-block block-paddings  \">\n            <div class=\"container-main\">\n\n                                                    <div class=\"title-block title-block-69ee38a917f88 visibleInBackend\">\n        \n                    <h2>Informations<\/h2>\n            <\/div>\n\n    <script>\n        var controller = new ScrollMagic.Controller();\n\n        new ScrollMagic.Scene({\n            triggerElement: \".title-block-69ee38a917f88\",\n            triggerHook: 0.8,\n            offset: 0\n        })\n            .setClassToggle(\".title-block-69ee38a917f88\", \"visibleBlock\")\n            .addTo(controller);\n    <\/script>\n\n                \n                <div class=\"narrow-container\">\n                    <div class=\"infos\">\n\n                                                    <div class=\"info-block info-block-69ee38a917f8e  visibleInBackend\">\n\n                                \n                                                                    <div class=\" info-items\">\n                                            <div class=\" info-item\">\n        <svg width=\"40\" height=\"42\" viewBox=\"0 0 40 42\" fill=\"none\" xmlns=\"http:\/\/www.w3.org\/2000\/svg\">\n            <path d=\"M20.0034 2.25146V27.2515\" stroke=\"#99ABF2\" stroke-width=\"4\" stroke-linecap=\"round\" stroke-linejoin=\"round\"\/>\n            <path d=\"M12.5034 19.7515L20.0034 27.2515L27.5034 19.7515\" stroke=\"#99ABF2\" stroke-width=\"4\" stroke-linecap=\"round\" stroke-linejoin=\"round\"\/>\n            <path d=\"M26.2533 8.5H30C31.3261 8.5 32.5979 9.02678 33.5355 9.96447C34.4732 10.9021 35 12.1739 35 13.5V34.75C35 36.0761 34.4732 37.3479 33.5355 38.2855C32.5979 39.2232 31.3261 39.75 30 39.75H10C8.67392 39.75 7.40215 39.2232 6.46447 38.2855C5.52678 37.3479 5 36.0761 5 34.75V13.5C5 12.1739 5.52678 10.9021 6.46447 9.96447C7.40215 9.02678 8.67392 8.5 10 8.5H13.75\" stroke=\"#99ABF2\" stroke-width=\"4\" stroke-linecap=\"round\" stroke-linejoin=\"round\"\/>\n        <\/svg>\n        <a href=\"https:\/\/dev.enaw.bertaeins.ch\/wp-content\/uploads\/2019\/04\/1902-schulthess-f.pdf\" target=\"_blank\" class=\"heading-h4 margin-bottom-0\">Actifs : Schulthess (PDF)<\/a>\n    <\/div>\n    <div class=\" info-item\">\n        <svg width=\"40\" height=\"40\" viewBox=\"0 0 40 40\" fill=\"none\" xmlns=\"http:\/\/www.w3.org\/2000\/svg\">\n            <path d=\"M20.7151 29.2916L14.2826 35.724V35.724C11.9135 38.0919 8.0737 38.0919 5.70458 35.724L4.27566 34.2951V34.2951C1.90811 31.927 1.90811 28.0882 4.27566 25.7201L13.5674 16.4268V16.4268C15.9366 14.0589 19.7764 14.0589 22.1455 16.4268L23.5744 17.8572\" stroke=\"#99ABF2\" stroke-width=\"4\" stroke-linecap=\"round\" stroke-linejoin=\"round\"\/>\n            <path d=\"M19.2846 10.7081L25.7171 4.27718V4.27718C28.0847 1.90842 31.9243 1.90749 34.2931 4.27511C34.2938 4.2758 34.2944 4.27649 34.2951 4.27718L35.7241 5.70457V5.70457C38.0916 8.07267 38.0916 11.9115 35.7241 14.2796L26.4323 23.5729V23.5729C24.0647 25.9417 20.225 25.9426 17.8563 23.575C17.8556 23.5743 17.8549 23.5736 17.8542 23.5729L16.4253 22.1425\" stroke=\"#99ABF2\" stroke-width=\"4\" stroke-linecap=\"round\" stroke-linejoin=\"round\"\/>\n        <\/svg>\n        <a href=\"https:\/\/www.schulthess.ch\/fr\" target=\"_blank\" class=\"heading-h4 margin-bottom-0\">Schulthess Maschinen SA<\/a>\n    <\/div>\n                                    <\/div>\n                                \n                                \n                                \n                                                            <\/div>\n\n                            <script>\n                                var controller = new ScrollMagic.Controller();\n\n                                new ScrollMagic.Scene({\n                                    triggerElement: \".info-block-69ee38a917f8e\",\n                                    triggerHook: 0.8,\n                                    offset: 0\n                                })\n                                    .setClassToggle(\".info-block-69ee38a917f8e\", \"visibleBlock\")\n                                    .addTo(controller);\n                            <\/script>\n                        \n                    <\/div>\n                <\/div>\n            <\/div>\n\n                    <\/section>\n    \n\n\n\n    <section class=\"share-links-block share-links-block-section visibleInBackend\">\n        <div class=\"container-main\">\n                        \n<div class=\"share-links\">\n    <a href=\"http:\/\/www.linkedin.com\/shareArticle?mini=true&amp;url=https:\/\/dev.enaw.bertaeins.ch\/fr\/schulthess-impeccable-depuis-le-mode-de-fabrication-de-ses-appareils-jusqua-la-proprete-du-linge&amp;title=SCHULTHESS, IMPECCABLE DEPUIS LE MODE DE FABRICATION DE SES APPAREILS JUSQU\u2019\u00c0 LA PROPRET\u00c9 DU LINGE&amp;summary=Les lave-linge Schulthess sont synonymes de linge impeccable, mais aussi de comptabilit\u00e9 \u00e9nerg\u00e9tique irr\u00e9prochable : leur fabrication pr\u00e9sente une performance \u00e9nerg\u00e9tique admirable. Avec l\u2019AEnEC, l\u2019entreprise de l\u2019Oberland zurichois am\u00e9liore sans cesse son efficacit\u00e9 \u00e9nerg\u00e9tique.\" target=\"_blank\"><span><i class=\"fab fa-linkedin-in\"><\/i><\/span><\/a>\n    <a href=\"https:\/\/twitter.com\/intent\/tweet?text=SCHULTHESS, IMPECCABLE DEPUIS LE MODE DE FABRICATION DE SES APPAREILS JUSQU\u2019\u00c0 LA PROPRET\u00c9 DU LINGE&#038;url=https:\/\/dev.enaw.bertaeins.ch\/fr\/schulthess-impeccable-depuis-le-mode-de-fabrication-de-ses-appareils-jusqua-la-proprete-du-linge\" target=\"_blank\"><span><i class=\"fa-brands fa-x-twitter\"><\/i><\/span><\/a>\n    <a href=\"https:\/\/www.facebook.com\/sharer\/sharer.php?u=https:\/\/dev.enaw.bertaeins.ch\/fr\/schulthess-impeccable-depuis-le-mode-de-fabrication-de-ses-appareils-jusqua-la-proprete-du-linge\" target=\"_blank\"><span><i class=\"fab fa-facebook-f\"><\/i><\/span><\/a>\n    <a href=\"https:\/\/api.whatsapp.com\/send?text=Les lave-linge Schulthess sont synonymes de linge impeccable, mais aussi de comptabilit\u00e9 \u00e9nerg\u00e9tique irr\u00e9prochable : leur fabrication pr\u00e9sente une performance \u00e9nerg\u00e9tique admirable. Avec l\u2019AEnEC, l\u2019entreprise de l\u2019Oberland zurichois am\u00e9liore sans cesse son efficacit\u00e9 \u00e9nerg\u00e9tique. https:\/\/dev.enaw.bertaeins.ch\/fr\/schulthess-impeccable-depuis-le-mode-de-fabrication-de-ses-appareils-jusqua-la-proprete-du-linge\" target=\"_blank\"><span><i class=\"fab fa-whatsapp\"><\/i><\/span><\/a>\n    <a href=\"mailto:?subject=SCHULTHESS, IMPECCABLE DEPUIS LE MODE DE FABRICATION DE SES APPAREILS JUSQU\u2019\u00c0 LA PROPRET\u00c9 DU LINGE&#038;body=Les lave-linge Schulthess sont synonymes de linge impeccable, mais aussi de comptabilit\u00e9 \u00e9nerg\u00e9tique irr\u00e9prochable : leur fabrication pr\u00e9sente une performance \u00e9nerg\u00e9tique admirable. Avec l\u2019AEnEC, l\u2019entreprise de l\u2019Oberland zurichois am\u00e9liore sans cesse son efficacit\u00e9 \u00e9nerg\u00e9tique. https:\/\/dev.enaw.bertaeins.ch\/fr\/schulthess-impeccable-depuis-le-mode-de-fabrication-de-ses-appareils-jusqua-la-proprete-du-linge\" target=\"_blank\"><span><i class=\"fas fa-envelope\"><\/i><\/span><\/a>\n<\/div>\n        <\/div>\n    <\/section>\n\n    <div class=\"single-post-section-triger-end\"><\/div>\n\n    <script>\n        var controller = new ScrollMagic.Controller();\n\n        new ScrollMagic.Scene({\n            triggerElement: \".share-links-block-section\",\n            triggerHook: 0.8,\n            offset: 0\n        })\n            .setClassToggle(\".share-links-block-section\", \"visibleBlock\")\n            .addTo(controller);\n    <\/script>\n\n<\/div>\n\n\n\n<div class=\"wp-block-column is-layout-flow wp-block-column-is-layout-flow\">\n    <div class=\"sidebar-content visibleInBackend\">\n        \n        \n\n        <div class=\"facts-block\">\n    <div class=\"facts-content\">\n        <h4 class=\"text-white text-align-center\">Faits<\/h4>\n\n                    <p class=\"fact-title margin-bottom-0 text-blue-light text-align-center\">L\u2019ESSENTIEL EN BREF<\/p>\n        \n        \n                    <div class=\"facts-list  \">\n                                    <div>\n                        <p class=\"margin-bottom-0 text-white small\">En raison de processus intensifs en \u00e9nergie comme le pressage de la t\u00f4le et le traitement des surfaces, Schulthess Maschinen SA supporte des co\u00fbts \u00e9nerg\u00e9tiques importants.<\/p>\n                        <p class=\"margin-bottom-0 text-white small\"><\/p>\n                    <\/div>\n                                    <div>\n                        <p class=\"margin-bottom-0 text-white small\">En collaboration avec l\u2019AEnEC, l\u2019entreprise \u00e9labore donc r\u00e9guli\u00e8rement de nouvelles mesures d\u2019am\u00e9lioration de sa performance \u00e9nerg\u00e9tique.<\/p>\n                        <p class=\"margin-bottom-0 text-white small\"><\/p>\n                    <\/div>\n                                    <div>\n                        <p class=\"margin-bottom-0 text-white small\">Cet effort porte ses fruits : \u00e0 ce jour, gr\u00e2ce aux mesures d&rsquo;am\u00e9lioration qu\u2019elle a mises en \u0153uvre, Schulthess Maschinen SA a r\u00e9duit sa facture \u00e9nerg\u00e9tique annuelle de 19 600 francs.<\/p>\n                        <p class=\"margin-bottom-0 text-white small\"><\/p>\n                    <\/div>\n                            <\/div>\n            <\/div>\n<\/div>\n\n        \n            <\/div>\n\n    <script>\n        var controller = new ScrollMagic.Controller();\n\n        new ScrollMagic.Scene({\n            triggerElement: \".sidebar-content\",\n            triggerHook: 0.8,\n            offset: 0\n        })\n            .setClassToggle(\".sidebar-content\", \"visibleBlock\")\n            .addTo(controller);\n    <\/script>\n\n<\/div>\n<\/div>\n\n\n\n                        <section class=\"related-posts-block block-paddings blue-light-bg\">\n                <div class=\"container-main\">\n                    <div class=\"title-block title-block-69ee38a97f3ee\">\n                        <h2>Articles connexes<\/h2>\n                    <\/div>\n\n                    <div class=\"posts-cards visibleInBackend\">\n                                                                                    <div class=\"post-card-wrapper\">\n                                                                                                                                                \n<a href=\"https:\/\/dev.enaw.bertaeins.ch\/fr\/la-gestion-efficace-des-ressources-un-processus-qui-sinscrit-dans-la-duree\" class=\"post-card post-card-desk-27580 visibleInBackend\" id=\"27580\">\n    \n            <div class=\"post-photo\" style=\"background-image: url(https:\/\/dev.enaw.bertaeins.ch\/wp-content\/uploads\/2025\/05\/portrait_almut_sanchen-3-800x1200.jpg);\">\n            <img decoding=\"async\" src=\"https:\/\/dev.enaw.bertaeins.ch\/wp-content\/themes\/enaw_v2\/assets\/images\/post_card_sidebar.png\" alt=\"La gestion efficace des ressources, un processus qui s\u2019inscrit dans la dur\u00e9e\" \/>\n        <\/div>\n    \n\n    <div class=\"post-info\">\n        <div class=\"post-tags\">\n                                    \n        <div class=\"tag  \">Actualit\u00e9<\/div>    <div class=\"tag  \">Efficacit\u00e9 des ressources<\/div>    <div class=\"tag  \">Efficacit\u00e9 des ressources<\/div>    <div class=\"tag  \">Zurich<\/div>\n\n        <\/div>\n\n        <p class=\"post-date\">20.05.2025<\/p>\n\n        <h3>La gestion efficace des ressources, un processus qui s\u2019inscrit dans la dur\u00e9e<\/h3>\n\n                    <p class=\"post-desc margin-bottom-0\">\n                Mettre en \u0153uvre l&rsquo;offre de l&rsquo;AEnEC \u00ab\u00a0Gestion efficace des ressources\u00a0\u00bb demande aux entreprises de s&rsquo;inscrire dans un temps long. La gestion efficace des ressources est en effet un processus qui se d\u00e9ploie dans la dur\u00e9e, comme l\u2019expliquent Almut Sanchen et Andreas Santschi, conseill\u00e8re et conseiller AEnEC.            <\/p>\n        \n        <div class=\"btn-block\">\n            <div class=\"main-btn\">Lire plus<\/div>\n        <\/div>\n    <\/div>\n<\/a>\n\n<script>\n    var controller = new ScrollMagic.Controller();\n\n    new ScrollMagic.Scene({\n        triggerElement: \".post-card.post-card-desk-27580\",\n        triggerHook: 0.85,\n        offset: 0\n    })\n        .setClassToggle(\".post-card.post-card-desk-27580\", \"visibleBlock\")\n        .addTo(controller);\n<\/script>                                <\/div>\n                                                                                                                <div class=\"post-card-wrapper\">\n                                                                                                                                                \n<a href=\"https:\/\/dev.enaw.bertaeins.ch\/fr\/flumroc\" class=\"post-card post-card-desk-27650 visibleInBackend\" id=\"27650\">\n    \n            <div class=\"post-photo\" style=\"background-image: url(https:\/\/dev.enaw.bertaeins.ch\/wp-content\/uploads\/2025\/03\/flumroc-06-1-1200x800.jpg);\">\n            <img decoding=\"async\" src=\"https:\/\/dev.enaw.bertaeins.ch\/wp-content\/themes\/enaw_v2\/assets\/images\/post_card_sidebar.png\" alt=\"Flumroc: weniger Emissionen, mehr Energieeffizienz\" \/>\n        <\/div>\n    \n\n    <div class=\"post-info\">\n        <div class=\"post-tags\">\n                                    \n        <div class=\"tag  \">Actualit\u00e9<\/div>    <div class=\"tag  \">Exemples de r\u00e9alisations<\/div>    <div class=\"tag  \">Efficience+<\/div>    <div class=\"tag  \">Changements de processus\/de technologie<\/div>    <div class=\"tag  \">Saint-Gall<\/div>    <div class=\"tag  \">Machines<\/div>\n\n        <\/div>\n\n        <p class=\"post-date\">23.04.2025<\/p>\n\n        <h3>Flumroc: weniger Emissionen, mehr Energieeffizienz<\/h3>\n\n                    <p class=\"post-desc margin-bottom-0\">\n                Seit einem Jahr setzt das Traditionsunternehmen Flumroc bei der Produktion seiner Steinwolle auf einen Elektroschmelzofen. Dieser hat im Produktionsprozess zu einer massiven Senkung der Emissionen und gleichzeitig zu einer h\u00f6heren Energieeffizienz gef\u00fchrt.            <\/p>\n        \n        <div class=\"btn-block\">\n            <div class=\"main-btn\">Lire plus<\/div>\n        <\/div>\n    <\/div>\n<\/a>\n\n<script>\n    var controller = new ScrollMagic.Controller();\n\n    new ScrollMagic.Scene({\n        triggerElement: \".post-card.post-card-desk-27650\",\n        triggerHook: 0.85,\n        offset: 0\n    })\n        .setClassToggle(\".post-card.post-card-desk-27650\", \"visibleBlock\")\n        .addTo(controller);\n<\/script>                                <\/div>\n                                                                        <\/div>\n                <\/div>\n\n                            <\/section>\n\n            <script>\n                var controller = new ScrollMagic.Controller();\n\n                new ScrollMagic.Scene({\n                    triggerElement: \".title-block-69ee38a97f3ee\",\n                    triggerHook: 0.8,\n                    offset: 0\n                })\n                    .setClassToggle(\".title-block-69ee38a97f3ee\", \"visibleBlock\")\n                    .addTo(controller);\n\n                new ScrollMagic.Scene({\n                    triggerElement: \".related-posts-block .posts-cards\",\n                    triggerHook: 0.8,\n                    offset: 0\n                })\n                    .setClassToggle(\".related-posts-block .posts-cards\", \"visibleBlock\")\n                    .addTo(controller);\n            <\/script>\n            \n\n\n","protected":false},"excerpt":{"rendered":"<p>Les lave-linge Schulthess sont synonymes de linge impeccable, mais aussi de comptabilit\u00e9 \u00e9nerg\u00e9tique irr\u00e9prochable : leur fabrication pr\u00e9sente une performance \u00e9nerg\u00e9tique admirable. Avec l\u2019AEnEC, l\u2019entreprise de l\u2019Oberland zurichois am\u00e9liore sans cesse son efficacit\u00e9 \u00e9nerg\u00e9tique. Schulthess Maschinen SA, cette entreprise de tradition, fabrique des lave-linge et des s\u00e8che-linge pour les maisons individuelles, les immeubles d\u2019habitation et [&hellip;]<\/p>\n","protected":false},"author":1,"featured_media":10430,"comment_status":"open","ping_status":"open","sticky":false,"template":"","format":"standard","meta":{"_acf_changed":false,"inline_featured_image":false,"footnotes":""},"categories":[3],"tags":[],"kanton":[127],"thema":[210,212],"produkt":[222],"rubrik":[308],"branche":[273],"class_list":["post-7411","post","type-post","status-publish","format-standard","has-post-thumbnail","hentry","category-non-classifiee","kanton-zurich","thema-optimisation-de-lexploitation","thema-utilisation-de-la-chaleur-residuelle","produkt-modele-energie","rubrik-exemples-de-realisations","branche-machines"],"acf":[],"yoast_head":"<!-- This site is optimized with the Yoast SEO Premium plugin v22.5 (Yoast SEO v24.9) - https:\/\/yoast.com\/wordpress\/plugins\/seo\/ -->\n<title>SCHULTHESS, IMPECCABLE DEPUIS LE MODE DE FABRICATION DE SES APPAREILS JUSQU\u2019\u00c0 LA PROPRET\u00c9 DU LINGE | Agence de l\u2019\u00e9nergie pour l\u2019\u00e9conomie<\/title>\n<meta name=\"robots\" content=\"index, follow, max-snippet:-1, max-image-preview:large, max-video-preview:-1\" \/>\n<link rel=\"canonical\" href=\"https:\/\/dev.enaw.bertaeins.ch\/effizient-hergestellte-waschmaschinen\" \/>\n<meta property=\"og:locale\" content=\"fr_FR\" \/>\n<meta property=\"og:type\" content=\"article\" \/>\n<meta property=\"og:title\" content=\"SCHULTHESS, IMPECCABLE DEPUIS LE MODE DE FABRICATION DE SES APPAREILS JUSQU\u2019\u00c0 LA PROPRET\u00c9 DU LINGE\" \/>\n<meta property=\"og:description\" content=\"Les lave-linge Schulthess sont synonymes de linge impeccable, mais aussi de comptabilit\u00e9 \u00e9nerg\u00e9tique irr\u00e9prochable : leur fabrication pr\u00e9sente une performance \u00e9nerg\u00e9tique admirable. Avec l\u2019AEnEC, l\u2019entreprise de l\u2019Oberland zurichois am\u00e9liore sans cesse son efficacit\u00e9 \u00e9nerg\u00e9tique. Schulthess Maschinen SA, cette entreprise de tradition, fabrique des lave-linge et des s\u00e8che-linge pour les maisons individuelles, les immeubles d\u2019habitation et [&hellip;]\" \/>\n<meta property=\"og:url\" content=\"https:\/\/dev.enaw.bertaeins.ch\/effizient-hergestellte-waschmaschinen\" \/>\n<meta property=\"og:site_name\" content=\"Agence de l\u2019\u00e9nergie pour l\u2019\u00e9conomie\" \/>\n<meta property=\"article:publisher\" content=\"https:\/\/www.facebook.com\/enaw.aenec\" \/>\n<meta property=\"article:published_time\" content=\"2019-04-10T12:16:00+00:00\" \/>\n<meta property=\"article:modified_time\" content=\"2023-06-08T15:13:33+00:00\" \/>\n<meta property=\"og:image\" content=\"https:\/\/dev.enaw.bertaeins.ch\/wp-content\/uploads\/2019\/04\/enaw_header_schulthess-600x200.png\" \/>\n\t<meta property=\"og:image:type\" content=\"image\/png\" \/>\n<meta name=\"author\" content=\"berta_admin\" \/>\n<meta name=\"twitter:card\" content=\"summary_large_image\" \/>\n<meta name=\"twitter:creator\" content=\"@info_enaw\" \/>\n<meta name=\"twitter:site\" content=\"@info_enaw\" \/>\n<meta name=\"twitter:label1\" content=\"\u00c9crit par\" \/>\n\t<meta name=\"twitter:data1\" content=\"berta_admin\" \/>\n\t<meta name=\"twitter:label2\" content=\"Dur\u00e9e de lecture estim\u00e9e\" \/>\n\t<meta name=\"twitter:data2\" content=\"4 minutes\" \/>\n<script type=\"application\/ld+json\" class=\"yoast-schema-graph\">{\"@context\":\"https:\/\/schema.org\",\"@graph\":[{\"@type\":\"Article\",\"@id\":\"https:\/\/dev.enaw.bertaeins.ch\/effizient-hergestellte-waschmaschinen#article\",\"isPartOf\":{\"@id\":\"https:\/\/dev.enaw.bertaeins.ch\/effizient-hergestellte-waschmaschinen\"},\"author\":{\"name\":\"berta_admin\",\"@id\":\"https:\/\/dev.enaw.bertaeins.ch\/#\/schema\/person\/960a0d1bce57ca722ef3b56c23b165e8\"},\"headline\":\"SCHULTHESS, IMPECCABLE DEPUIS LE MODE DE FABRICATION DE SES APPAREILS JUSQU\u2019\u00c0 LA PROPRET\u00c9 DU LINGE\",\"datePublished\":\"2019-04-10T12:16:00+00:00\",\"dateModified\":\"2023-06-08T15:13:33+00:00\",\"mainEntityOfPage\":{\"@id\":\"https:\/\/dev.enaw.bertaeins.ch\/effizient-hergestellte-waschmaschinen\"},\"wordCount\":940,\"commentCount\":0,\"publisher\":{\"@id\":\"https:\/\/dev.enaw.bertaeins.ch\/#organization\"},\"image\":{\"@id\":\"https:\/\/dev.enaw.bertaeins.ch\/effizient-hergestellte-waschmaschinen#primaryimage\"},\"thumbnailUrl\":\"https:\/\/dev.enaw.bertaeins.ch\/wp-content\/uploads\/2019\/04\/enaw_header_schulthess.png\",\"articleSection\":[\"Non classifi\u00e9(e)\"],\"inLanguage\":\"fr-FR\"},{\"@type\":\"WebPage\",\"@id\":\"https:\/\/dev.enaw.bertaeins.ch\/effizient-hergestellte-waschmaschinen\",\"url\":\"https:\/\/dev.enaw.bertaeins.ch\/effizient-hergestellte-waschmaschinen\",\"name\":\"SCHULTHESS, IMPECCABLE DEPUIS LE MODE DE FABRICATION DE SES APPAREILS JUSQU\u2019\u00c0 LA PROPRET\u00c9 DU LINGE | Agence de l\u2019\u00e9nergie pour l\u2019\u00e9conomie\",\"isPartOf\":{\"@id\":\"https:\/\/dev.enaw.bertaeins.ch\/#website\"},\"primaryImageOfPage\":{\"@id\":\"https:\/\/dev.enaw.bertaeins.ch\/effizient-hergestellte-waschmaschinen#primaryimage\"},\"image\":{\"@id\":\"https:\/\/dev.enaw.bertaeins.ch\/effizient-hergestellte-waschmaschinen#primaryimage\"},\"thumbnailUrl\":\"https:\/\/dev.enaw.bertaeins.ch\/wp-content\/uploads\/2019\/04\/enaw_header_schulthess.png\",\"datePublished\":\"2019-04-10T12:16:00+00:00\",\"dateModified\":\"2023-06-08T15:13:33+00:00\",\"breadcrumb\":{\"@id\":\"https:\/\/dev.enaw.bertaeins.ch\/effizient-hergestellte-waschmaschinen#breadcrumb\"},\"inLanguage\":\"fr-FR\",\"potentialAction\":[{\"@type\":\"ReadAction\",\"target\":[\"https:\/\/dev.enaw.bertaeins.ch\/effizient-hergestellte-waschmaschinen\"]}]},{\"@type\":\"ImageObject\",\"inLanguage\":\"fr-FR\",\"@id\":\"https:\/\/dev.enaw.bertaeins.ch\/effizient-hergestellte-waschmaschinen#primaryimage\",\"url\":\"https:\/\/dev.enaw.bertaeins.ch\/wp-content\/uploads\/2019\/04\/enaw_header_schulthess.png\",\"contentUrl\":\"https:\/\/dev.enaw.bertaeins.ch\/wp-content\/uploads\/2019\/04\/enaw_header_schulthess.png\",\"width\":1200,\"height\":400},{\"@type\":\"BreadcrumbList\",\"@id\":\"https:\/\/dev.enaw.bertaeins.ch\/effizient-hergestellte-waschmaschinen#breadcrumb\",\"itemListElement\":[{\"@type\":\"ListItem\",\"position\":1,\"name\":\"Home\",\"item\":\"https:\/\/dev.enaw.bertaeins.ch\/fr\"},{\"@type\":\"ListItem\",\"position\":2,\"name\":\"SCHULTHESS, IMPECCABLE DEPUIS LE MODE DE FABRICATION DE SES APPAREILS JUSQU\u2019\u00c0 LA PROPRET\u00c9 DU LINGE\"}]},{\"@type\":\"WebSite\",\"@id\":\"https:\/\/dev.enaw.bertaeins.ch\/#website\",\"url\":\"https:\/\/dev.enaw.bertaeins.ch\/\",\"name\":\"Energie-Agentur der Wirtschaft\",\"description\":\"Un autre site web WordPress\",\"publisher\":{\"@id\":\"https:\/\/dev.enaw.bertaeins.ch\/#organization\"},\"potentialAction\":[{\"@type\":\"SearchAction\",\"target\":{\"@type\":\"EntryPoint\",\"urlTemplate\":\"https:\/\/dev.enaw.bertaeins.ch\/?s={search_term_string}\"},\"query-input\":{\"@type\":\"PropertyValueSpecification\",\"valueRequired\":true,\"valueName\":\"search_term_string\"}}],\"inLanguage\":\"fr-FR\"},{\"@type\":\"Organization\",\"@id\":\"https:\/\/dev.enaw.bertaeins.ch\/#organization\",\"name\":\"EnAW Energie-Agentur der Wirtschaft\",\"url\":\"https:\/\/dev.enaw.bertaeins.ch\/\",\"logo\":{\"@type\":\"ImageObject\",\"inLanguage\":\"fr-FR\",\"@id\":\"https:\/\/dev.enaw.bertaeins.ch\/#\/schema\/logo\/image\/\",\"url\":\"https:\/\/enaw.ch\/wp-content\/uploads\/Logos\/EnAW_Logo_DE_RGB_black-1.svg\",\"contentUrl\":\"https:\/\/enaw.ch\/wp-content\/uploads\/Logos\/EnAW_Logo_DE_RGB_black-1.svg\",\"width\":219,\"height\":38,\"caption\":\"EnAW Energie-Agentur der Wirtschaft\"},\"image\":{\"@id\":\"https:\/\/dev.enaw.bertaeins.ch\/#\/schema\/logo\/image\/\"},\"sameAs\":[\"https:\/\/www.facebook.com\/enaw.aenec\",\"https:\/\/x.com\/info_enaw\",\"https:\/\/www.linkedin.com\/company\/enaw\/\"]},{\"@type\":\"Person\",\"@id\":\"https:\/\/dev.enaw.bertaeins.ch\/#\/schema\/person\/960a0d1bce57ca722ef3b56c23b165e8\",\"name\":\"berta_admin\",\"image\":{\"@type\":\"ImageObject\",\"inLanguage\":\"fr-FR\",\"@id\":\"https:\/\/dev.enaw.bertaeins.ch\/#\/schema\/person\/image\/\",\"url\":\"https:\/\/secure.gravatar.com\/avatar\/ba69f50d7a1a9d3e8396e388b28c0ef88c2e80dea9cdf768565f4508b567ad84?s=96&d=mm&r=g\",\"contentUrl\":\"https:\/\/secure.gravatar.com\/avatar\/ba69f50d7a1a9d3e8396e388b28c0ef88c2e80dea9cdf768565f4508b567ad84?s=96&d=mm&r=g\",\"caption\":\"berta_admin\"},\"sameAs\":[\"http:\/\/dev.enaw-v2.bertastrasse1.ch\"],\"url\":\"https:\/\/dev.enaw.bertaeins.ch\/fr\/author\/berta_admin\"}]}<\/script>\n<!-- \/ Yoast SEO Premium plugin. -->","yoast_head_json":{"title":"SCHULTHESS, IMPECCABLE DEPUIS LE MODE DE FABRICATION DE SES APPAREILS JUSQU\u2019\u00c0 LA PROPRET\u00c9 DU LINGE | Agence de l\u2019\u00e9nergie pour l\u2019\u00e9conomie","robots":{"index":"index","follow":"follow","max-snippet":"max-snippet:-1","max-image-preview":"max-image-preview:large","max-video-preview":"max-video-preview:-1"},"canonical":"https:\/\/dev.enaw.bertaeins.ch\/effizient-hergestellte-waschmaschinen","og_locale":"fr_FR","og_type":"article","og_title":"SCHULTHESS, IMPECCABLE DEPUIS LE MODE DE FABRICATION DE SES APPAREILS JUSQU\u2019\u00c0 LA PROPRET\u00c9 DU LINGE","og_description":"Les lave-linge Schulthess sont synonymes de linge impeccable, mais aussi de comptabilit\u00e9 \u00e9nerg\u00e9tique irr\u00e9prochable : leur fabrication pr\u00e9sente une performance \u00e9nerg\u00e9tique admirable. Avec l\u2019AEnEC, l\u2019entreprise de l\u2019Oberland zurichois am\u00e9liore sans cesse son efficacit\u00e9 \u00e9nerg\u00e9tique. Schulthess Maschinen SA, cette entreprise de tradition, fabrique des lave-linge et des s\u00e8che-linge pour les maisons individuelles, les immeubles d\u2019habitation et [&hellip;]","og_url":"https:\/\/dev.enaw.bertaeins.ch\/effizient-hergestellte-waschmaschinen","og_site_name":"Agence de l\u2019\u00e9nergie pour l\u2019\u00e9conomie","article_publisher":"https:\/\/www.facebook.com\/enaw.aenec","article_published_time":"2019-04-10T12:16:00+00:00","article_modified_time":"2023-06-08T15:13:33+00:00","og_image":[{"url":"https:\/\/dev.enaw.bertaeins.ch\/wp-content\/uploads\/2019\/04\/enaw_header_schulthess-600x200.png","type":"image\/png","width":"","height":""}],"author":"berta_admin","twitter_card":"summary_large_image","twitter_creator":"@info_enaw","twitter_site":"@info_enaw","twitter_misc":{"\u00c9crit par":"berta_admin","Dur\u00e9e de lecture estim\u00e9e":"4 minutes"},"schema":{"@context":"https:\/\/schema.org","@graph":[{"@type":"Article","@id":"https:\/\/dev.enaw.bertaeins.ch\/effizient-hergestellte-waschmaschinen#article","isPartOf":{"@id":"https:\/\/dev.enaw.bertaeins.ch\/effizient-hergestellte-waschmaschinen"},"author":{"name":"berta_admin","@id":"https:\/\/dev.enaw.bertaeins.ch\/#\/schema\/person\/960a0d1bce57ca722ef3b56c23b165e8"},"headline":"SCHULTHESS, IMPECCABLE DEPUIS LE MODE DE FABRICATION DE SES APPAREILS JUSQU\u2019\u00c0 LA PROPRET\u00c9 DU LINGE","datePublished":"2019-04-10T12:16:00+00:00","dateModified":"2023-06-08T15:13:33+00:00","mainEntityOfPage":{"@id":"https:\/\/dev.enaw.bertaeins.ch\/effizient-hergestellte-waschmaschinen"},"wordCount":940,"commentCount":0,"publisher":{"@id":"https:\/\/dev.enaw.bertaeins.ch\/#organization"},"image":{"@id":"https:\/\/dev.enaw.bertaeins.ch\/effizient-hergestellte-waschmaschinen#primaryimage"},"thumbnailUrl":"https:\/\/dev.enaw.bertaeins.ch\/wp-content\/uploads\/2019\/04\/enaw_header_schulthess.png","articleSection":["Non classifi\u00e9(e)"],"inLanguage":"fr-FR"},{"@type":"WebPage","@id":"https:\/\/dev.enaw.bertaeins.ch\/effizient-hergestellte-waschmaschinen","url":"https:\/\/dev.enaw.bertaeins.ch\/effizient-hergestellte-waschmaschinen","name":"SCHULTHESS, IMPECCABLE DEPUIS LE MODE DE FABRICATION DE SES APPAREILS JUSQU\u2019\u00c0 LA PROPRET\u00c9 DU LINGE | Agence de l\u2019\u00e9nergie pour l\u2019\u00e9conomie","isPartOf":{"@id":"https:\/\/dev.enaw.bertaeins.ch\/#website"},"primaryImageOfPage":{"@id":"https:\/\/dev.enaw.bertaeins.ch\/effizient-hergestellte-waschmaschinen#primaryimage"},"image":{"@id":"https:\/\/dev.enaw.bertaeins.ch\/effizient-hergestellte-waschmaschinen#primaryimage"},"thumbnailUrl":"https:\/\/dev.enaw.bertaeins.ch\/wp-content\/uploads\/2019\/04\/enaw_header_schulthess.png","datePublished":"2019-04-10T12:16:00+00:00","dateModified":"2023-06-08T15:13:33+00:00","breadcrumb":{"@id":"https:\/\/dev.enaw.bertaeins.ch\/effizient-hergestellte-waschmaschinen#breadcrumb"},"inLanguage":"fr-FR","potentialAction":[{"@type":"ReadAction","target":["https:\/\/dev.enaw.bertaeins.ch\/effizient-hergestellte-waschmaschinen"]}]},{"@type":"ImageObject","inLanguage":"fr-FR","@id":"https:\/\/dev.enaw.bertaeins.ch\/effizient-hergestellte-waschmaschinen#primaryimage","url":"https:\/\/dev.enaw.bertaeins.ch\/wp-content\/uploads\/2019\/04\/enaw_header_schulthess.png","contentUrl":"https:\/\/dev.enaw.bertaeins.ch\/wp-content\/uploads\/2019\/04\/enaw_header_schulthess.png","width":1200,"height":400},{"@type":"BreadcrumbList","@id":"https:\/\/dev.enaw.bertaeins.ch\/effizient-hergestellte-waschmaschinen#breadcrumb","itemListElement":[{"@type":"ListItem","position":1,"name":"Home","item":"https:\/\/dev.enaw.bertaeins.ch\/fr"},{"@type":"ListItem","position":2,"name":"SCHULTHESS, IMPECCABLE DEPUIS LE MODE DE FABRICATION DE SES APPAREILS JUSQU\u2019\u00c0 LA PROPRET\u00c9 DU LINGE"}]},{"@type":"WebSite","@id":"https:\/\/dev.enaw.bertaeins.ch\/#website","url":"https:\/\/dev.enaw.bertaeins.ch\/","name":"Energie-Agentur der Wirtschaft","description":"Un autre site web WordPress","publisher":{"@id":"https:\/\/dev.enaw.bertaeins.ch\/#organization"},"potentialAction":[{"@type":"SearchAction","target":{"@type":"EntryPoint","urlTemplate":"https:\/\/dev.enaw.bertaeins.ch\/?s={search_term_string}"},"query-input":{"@type":"PropertyValueSpecification","valueRequired":true,"valueName":"search_term_string"}}],"inLanguage":"fr-FR"},{"@type":"Organization","@id":"https:\/\/dev.enaw.bertaeins.ch\/#organization","name":"EnAW Energie-Agentur der Wirtschaft","url":"https:\/\/dev.enaw.bertaeins.ch\/","logo":{"@type":"ImageObject","inLanguage":"fr-FR","@id":"https:\/\/dev.enaw.bertaeins.ch\/#\/schema\/logo\/image\/","url":"https:\/\/enaw.ch\/wp-content\/uploads\/Logos\/EnAW_Logo_DE_RGB_black-1.svg","contentUrl":"https:\/\/enaw.ch\/wp-content\/uploads\/Logos\/EnAW_Logo_DE_RGB_black-1.svg","width":219,"height":38,"caption":"EnAW Energie-Agentur der Wirtschaft"},"image":{"@id":"https:\/\/dev.enaw.bertaeins.ch\/#\/schema\/logo\/image\/"},"sameAs":["https:\/\/www.facebook.com\/enaw.aenec","https:\/\/x.com\/info_enaw","https:\/\/www.linkedin.com\/company\/enaw\/"]},{"@type":"Person","@id":"https:\/\/dev.enaw.bertaeins.ch\/#\/schema\/person\/960a0d1bce57ca722ef3b56c23b165e8","name":"berta_admin","image":{"@type":"ImageObject","inLanguage":"fr-FR","@id":"https:\/\/dev.enaw.bertaeins.ch\/#\/schema\/person\/image\/","url":"https:\/\/secure.gravatar.com\/avatar\/ba69f50d7a1a9d3e8396e388b28c0ef88c2e80dea9cdf768565f4508b567ad84?s=96&d=mm&r=g","contentUrl":"https:\/\/secure.gravatar.com\/avatar\/ba69f50d7a1a9d3e8396e388b28c0ef88c2e80dea9cdf768565f4508b567ad84?s=96&d=mm&r=g","caption":"berta_admin"},"sameAs":["http:\/\/dev.enaw-v2.bertastrasse1.ch"],"url":"https:\/\/dev.enaw.bertaeins.ch\/fr\/author\/berta_admin"}]}},"_links":{"self":[{"href":"https:\/\/dev.enaw.bertaeins.ch\/fr\/wp-json\/wp\/v2\/posts\/7411","targetHints":{"allow":["GET"]}}],"collection":[{"href":"https:\/\/dev.enaw.bertaeins.ch\/fr\/wp-json\/wp\/v2\/posts"}],"about":[{"href":"https:\/\/dev.enaw.bertaeins.ch\/fr\/wp-json\/wp\/v2\/types\/post"}],"author":[{"embeddable":true,"href":"https:\/\/dev.enaw.bertaeins.ch\/fr\/wp-json\/wp\/v2\/users\/1"}],"replies":[{"embeddable":true,"href":"https:\/\/dev.enaw.bertaeins.ch\/fr\/wp-json\/wp\/v2\/comments?post=7411"}],"version-history":[{"count":0,"href":"https:\/\/dev.enaw.bertaeins.ch\/fr\/wp-json\/wp\/v2\/posts\/7411\/revisions"}],"wp:featuredmedia":[{"embeddable":true,"href":"https:\/\/dev.enaw.bertaeins.ch\/fr\/wp-json\/wp\/v2\/media\/10430"}],"wp:attachment":[{"href":"https:\/\/dev.enaw.bertaeins.ch\/fr\/wp-json\/wp\/v2\/media?parent=7411"}],"wp:term":[{"taxonomy":"category","embeddable":true,"href":"https:\/\/dev.enaw.bertaeins.ch\/fr\/wp-json\/wp\/v2\/categories?post=7411"},{"taxonomy":"post_tag","embeddable":true,"href":"https:\/\/dev.enaw.bertaeins.ch\/fr\/wp-json\/wp\/v2\/tags?post=7411"},{"taxonomy":"kanton","embeddable":true,"href":"https:\/\/dev.enaw.bertaeins.ch\/fr\/wp-json\/wp\/v2\/kanton?post=7411"},{"taxonomy":"thema","embeddable":true,"href":"https:\/\/dev.enaw.bertaeins.ch\/fr\/wp-json\/wp\/v2\/thema?post=7411"},{"taxonomy":"produkt","embeddable":true,"href":"https:\/\/dev.enaw.bertaeins.ch\/fr\/wp-json\/wp\/v2\/produkt?post=7411"},{"taxonomy":"rubrik","embeddable":true,"href":"https:\/\/dev.enaw.bertaeins.ch\/fr\/wp-json\/wp\/v2\/rubrik?post=7411"},{"taxonomy":"branche","embeddable":true,"href":"https:\/\/dev.enaw.bertaeins.ch\/fr\/wp-json\/wp\/v2\/branche?post=7411"}],"curies":[{"name":"wp","href":"https:\/\/api.w.org\/{rel}","templated":true}]}}