{"id":7412,"date":"2019-04-10T14:16:00","date_gmt":"2019-04-10T12:16:00","guid":{"rendered":"https:\/\/enaw.ch\/effizient-hergestellte-waschmaschinen\/"},"modified":"2023-06-12T18:10:52","modified_gmt":"2023-06-12T16:10:52","slug":"effizient-hergestellte-waschmaschinen","status":"publish","type":"post","link":"https:\/\/dev.enaw.bertaeins.ch\/it\/effizient-hergestellte-waschmaschinen","title":{"rendered":"Lavatrici <br> prodotte in modo efficiente"},"content":{"rendered":"\n<div class=\"wp-block-columns is-style-block-with-sidebar is-layout-flex wp-container-core-columns-is-layout-9d6595d7 wp-block-columns-is-layout-flex\">\n<div class=\"wp-block-column is-layout-flow wp-block-column-is-layout-flow\">\n<p class=\"is-style-lead-paragraph\">Gli elettrodomestici Schulthess non sono soltanto garanzia di biancheria assolutamente pulita, ma anche di bilancio energetico pulito. L&#8217;azienda di Wolfhausen migliora, infatti, da anni con successo la sua efficienza energetica insieme all\u2019AEnEC.<\/p>\n\n\n\n            <section class=\"container-media-slider-block block-paddings  \">\n            <div class=\"container-main\">\n                <div class=\"container-media-slider-content\">\n                    <div class=\"container-media-slider visibleInBackend\" id=\"container-media-slider-69ee1d3e368c4\">\n                                                    \n                            <div class=\"item-block\">\n                                                                                                                                                                \n                                \n                                                                                                            <div class=\"simple-image desk  \" style=\"background-image: url(https:\/\/dev.enaw.bertaeins.ch\/wp-content\/uploads\/Aktuell\/schulthess_slider_1068x565px_web.jpg)\"><\/div>\n\n                                        <div class=\"simple-image mob  \" style=\"background-image: url(https:\/\/dev.enaw.bertaeins.ch\/wp-content\/uploads\/Aktuell\/schulthess_slider_1068x565px_web.jpg)\"><\/div>\n                                                                    \n                                                            <\/div>\n                                            <\/div>\n\n                    <div class=\"container-media-slider-nav\" id=\"container-media-slider-nav-69ee1d3e368c4\">\n                                                                                    <div class=\"item-block\">\n                                    <p class=\"small margin-bottom-0\">Tutte le lavatrici e le asciugatrici vengono prodotte a Wolfhausen, nell\u2019Oberland zurighese.<\/p>\n                                <\/div>\n                                                                        <\/div>\n\n                                    <\/div>\n            <\/div>\n        <\/section>\n\n        <script>\n            jQuery( function( $ ) {\n                const media_slider__container_el_69ee1d3e368c4 = $('#container-media-slider-69ee1d3e368c4').slick({\n                    dots: false,\n                    arrows: true,\n                    infinite: true,\n                    fade: true,\n                    speed: 500,\n                    autoplaySpeed: 5000,\n                    cssEase: 'linear',\n                    autoplay: false,\n                    slidesToShow: 1,\n                    slidesToScroll: 1,\n                    asNavFor: '#container-media-slider-nav-69ee1d3e368c4',\n                });\n\n                media_slider__container_el_69ee1d3e368c4.on('click', function (event, slick, currentSlide, nextSlide) {\n                    if($(event.target).hasClass('slick-arrow')) {\n                        stop_body_slider_all_videos($);\n                    }\n                });\n\n                media_slider__container_el_69ee1d3e368c4.on('swipe', function (event, slick, currentSlide, nextSlide) {\n                    stop_body_slider_all_videos($);\n                });\n\n                const media_slider__container_nav_el_69ee1d3e368c4 = $('#container-media-slider-nav-69ee1d3e368c4').slick({\n                    dots: false,\n                    arrows: false,\n                    infinite: true,\n                    fade: true,\n                    speed: 500,\n                    autoplaySpeed: 5000,\n                    cssEase: 'linear',\n                    asNavFor: '#container-media-slider-69ee1d3e368c4',\n                    autoplay: false,\n                    slidesToShow: 1,\n                    slidesToScroll: 1,\n                });\n\n                media_slider__container_nav_el_69ee1d3e368c4.on('click', function (event, slick, currentSlide, nextSlide) {\n                    stop_slider_video($);\n                });\n\n                media_slider__container_nav_el_69ee1d3e368c4.on('swipe', function (event, slick, currentSlide, nextSlide) {\n                    stop_slider_video($);\n                });\n            });\n        <\/script>\n\n        <script>\n            var controller = new ScrollMagic.Controller();\n\n            new ScrollMagic.Scene({\n                triggerElement: \"#container-media-slider-69ee1d3e368c4\",\n                triggerHook: 0.8,\n                offset: 0\n            })\n                .setClassToggle(\"#container-media-slider-69ee1d3e368c4\", \"visibleBlock\")\n                .addTo(controller);\n        <\/script>\n    \n\n\n\n<p>Schulthess Maschinen SA produce lavatrici e asciugatrici per le case unifamiliari, plurifamiliari e l\u2019industria. Fondata nel 1845, oggi l\u2019azienda vanta un organico di circa 400 persone, di cui gran parte lavora nel servizio clienti. Un servizio a misura di cliente disponibile 24 ore su 24 \u00e8 un atout dell\u2019azienda. Daniel Zehnder dirige il settore dei sistemi di gestione, \u00e8 incaricato della qualit\u00e0 e dell\u2019ambiente ed \u00e8 responsabile della sicurezza sul lavoro. Ma anche assicurare i massimi livelli di qualit\u00e0 delle lavatrici e delle asciugatrici \u00e8 un\u2019assoluta priorit\u00e0, soprattutto nella produzione. \u00abOggi ordine, domani consegna\u00bb \u00e8 il principio base su cui si fondano le soluzioni di macchine personalizzate per le case di qualunque metratura, per tutti i tipi di tessuti, i settori pi\u00f9 disparati e qualsiasi esigenza. Sono trascorsi quasi 60 anni dal lancio di Schulthess della prima lavatrice automatica d\u2019Europa. \u00abQuesto carattere precursore ci distingue tuttora\u00bb, afferma Zehnder. \u00abLe nostre macchine sono ancora oggi tra le pi\u00f9 innovative al mondo.\u00bb Sono tre i pilastri \u2013 \u00abSwissness\u00bb, \u00abqualit\u00e0\u00bb e \u00absostenibilit\u00e0\u00bb \u2013 che contraddistinguono la filosofia aziendale: tutti gli apparecchi vengono sviluppati e prodotti a Wolfhausen, nell\u2019Oberland zurighese. L\u2019uso di materiali di qualit\u00e0, la lavorazione di precisione e la lunga durata caratterizzano i prodotti. E la sostenibilit\u00e0? Oltre al consumo minimo di acqua ed elettricit\u00e0 delle macchine, l\u2019azienda si impegna anche a produrre con la massima efficienza possibile in collaborazione con l\u2019AEnEC.<\/p>\n\n\n\n                    <div id=\"r69ee1d3e36c2a\" class=\"default-single-post-title \">\n                <h4>LA QUALIT\u00c0 PROLUNGA LA DURATA<\/h4>\n            <\/div>\n        \n\n\n\n<p>\u00abProduzione meccanica con un tocco di manualit\u00e0\u00bb, \u00e8 la chiave del successo di Schulthess Maschinen SA nella produzione di lavatrici e asciugatrici. Qui macchine ultramoderne per la lavorazione a stampo della lamiera e robot perfettamente programmati incontrano la precisione del lavoro manuale, a cui si ricorre principalmente nella fase finale di montaggio e nei numerosi controlli di qualit\u00e0. Quanto l\u2019intera produzione possa essere amorevole \u00e8 dimostrato dal termine \u00abmatrimonio\u00bb, utilizzato internamente per descrivere l\u2019unione tra la vasca di lavaggio e il telaio della macchina. Alla Schulthess le vasche sono in acciaio cromato, cosa che rende l\u2019azienda unica nel suo genere, essendo questo componente esclusivamente di plastica tra la concorrenza. Ma \u00e8 proprio questo materiale che garantisce la resistenza e la durata degli elettrodomestici Schulthess.<\/p>\n\n\n\n                    <div id=\"r69ee1d3e36e53\" class=\"default-single-post-title \">\n                <h4>RESISTENZA, LUMINOSIT\u00c0 E RISPARMIO<\/h4>\n            <\/div>\n        \n\n\n\n<p>Anche le cifre attuali mostrano l\u2019efficacia della collaborazione con l\u2019AEnEC: ormai Schulthess Maschinen SA risparmia, infatti, ogni anno 19&nbsp;600 franchi di costi energetici. Questo risparmio \u00e8 dovuto a diverse misure. Gran parte dell\u2019illuminazione \u00e8 gi\u00e0 stata sostituita con la tecnologia LED, entro fine anno verranno installati da 300 a 400 corpi luminosi nuovi. \u00abAbbiamo investito molto in questo ambito\u00bb, afferma Zehnder, ma ne vale la pena. Le lampade consumano oltre il 20 per cento in meno di energia e sono molto pi\u00f9 robuste. \u00abI nostri addetti alla manutenzione sono enormemente contenti di poter ora sostituire le lampade con frequenza minore.\u00bb Sono stati inoltre installati rilevatori di movimento e sono stati sostituiti i portoni dei capannoni di produzione. I vecchi portoni si guastavano facilmente e lasciavano fuoriuscire grandi quantit\u00e0 di calore. Ora funzionano pi\u00f9 velocemente e sono automatizzati: i conducenti di carrelli elevatori possono, infatti, aprirli e chiuderli facilmente tramite telecomando.<\/p>\n\n\n\n                    <div id=\"r69ee1d3e36ff6\" class=\"default-single-post-title \">\n                <h4>NUOVO PIANO ENERGETICO<\/h4>\n            <\/div>\n        \n\n\n\n<p>Nei capannoni industriali si lavora a pieno ritmo e fa caldo. Un inconveniente che per Zehnder \u00e8 sempre stato una spina nel fianco. \u00abAbbiamo moltissimo calore residuo, ma che non utilizziamo\u00bb, spiega. Questo aspetto sar\u00e0 affrontato con il nuovo piano energetico che ha elaborato insieme ai consulenti dell\u2019AEnEC. \u00abIn una prossima fase abbiamo intenzione di sostituire la nostra caldaia a nafta con tre o quattro riscaldamenti decentralizzati\u00bb, commenta. Questi ultimi devono essere provvisti di un sistema di utilizzazione del calore residuo per poter sfruttare in modo efficiente le temperature elevate risultanti dalla produzione. Con queste misure si intende migliorare soprattutto l\u2019intensit\u00e0 di CO<sub>2<\/sub>dell\u2019azienda. Se tutto andr\u00e0 secondo i piani, la ristrutturazione dovrebbe terminare nella primavera del 2020.<\/p>\n\n\n\n                    <div id=\"r69ee1d3e371a4\" class=\"default-single-post-title \">\n                <h4>UNO SCAMBIO PI\u00d9 ECOLOGICO<\/h4>\n            <\/div>\n        \n\n\n\n<p>Chi si occupa per anni di ottimizzare i processi nella propria azienda sa che con il tempo, in assenza di regolari ispirazioni, pu\u00f2 venirsi a creare una visione ristretta. Per evitarlo, il consulente dell\u2019AEnEC Hollenstein organizza ogni anno insieme al suo collega Mario Roost un incontro di gruppo. Schulthess Maschinen SA \u00e8 membro del gruppo del modello energetico \u00ab2013plus\u00bb cui appartengono anche L\u00e4ckerli Huus SA o TBB Immobilien SA. In questo gruppo si scambiano opinioni, si discute su temi attuali e ci si fa un\u2019idea della rispettiva azienda \u00abospitante\u00bb. \u00abVogliamo sempre offrire un valore aggiunto a chi partecipa alle riunioni di gruppo\u00bb, spiega Hollenstein. \u00abO presentiamo argomenti che riguardano e interessano tutti o invitiamo esperti nelle tematiche desiderate.\u00bb<\/p>\n\n\n\n            <section class=\"infos-block block-paddings  \">\n            <div class=\"container-main\">\n\n                                                    <div class=\"title-block title-block-69ee1d3e37f50 visibleInBackend\">\n        \n                    <h2>Ulteriori informazioni<\/h2>\n            <\/div>\n\n    <script>\n        var controller = new ScrollMagic.Controller();\n\n        new ScrollMagic.Scene({\n            triggerElement: \".title-block-69ee1d3e37f50\",\n            triggerHook: 0.8,\n            offset: 0\n        })\n            .setClassToggle(\".title-block-69ee1d3e37f50\", \"visibleBlock\")\n            .addTo(controller);\n    <\/script>\n\n                \n                <div class=\"narrow-container\">\n                    <div class=\"infos\">\n\n                                                    <div class=\"info-block info-block-69ee1d3e37f57  visibleInBackend\">\n\n                                \n                                                                    <div class=\" info-items\">\n                                            <div class=\" info-item\">\n        <svg width=\"40\" height=\"42\" viewBox=\"0 0 40 42\" fill=\"none\" xmlns=\"http:\/\/www.w3.org\/2000\/svg\">\n            <path d=\"M20.0034 2.25146V27.2515\" stroke=\"#99ABF2\" stroke-width=\"4\" stroke-linecap=\"round\" stroke-linejoin=\"round\"\/>\n            <path d=\"M12.5034 19.7515L20.0034 27.2515L27.5034 19.7515\" stroke=\"#99ABF2\" stroke-width=\"4\" stroke-linecap=\"round\" stroke-linejoin=\"round\"\/>\n            <path d=\"M26.2533 8.5H30C31.3261 8.5 32.5979 9.02678 33.5355 9.96447C34.4732 10.9021 35 12.1739 35 13.5V34.75C35 36.0761 34.4732 37.3479 33.5355 38.2855C32.5979 39.2232 31.3261 39.75 30 39.75H10C8.67392 39.75 7.40215 39.2232 6.46447 38.2855C5.52678 37.3479 5 36.0761 5 34.75V13.5C5 12.1739 5.52678 10.9021 6.46447 9.96447C7.40215 9.02678 8.67392 8.5 10 8.5H13.75\" stroke=\"#99ABF2\" stroke-width=\"4\" stroke-linecap=\"round\" stroke-linejoin=\"round\"\/>\n        <\/svg>\n        <a href=\"https:\/\/dev.enaw.bertaeins.ch\/wp-content\/uploads\/2019\/04\/1902-schulthess-i.pdf\" target=\"_blank\" class=\"heading-h4 margin-bottom-0\">Nei fatti Schulthess (PDF)<\/a>\n    <\/div>\n    <div class=\" info-item\">\n        <svg width=\"40\" height=\"40\" viewBox=\"0 0 40 40\" fill=\"none\" xmlns=\"http:\/\/www.w3.org\/2000\/svg\">\n            <path d=\"M20.7151 29.2916L14.2826 35.724V35.724C11.9135 38.0919 8.0737 38.0919 5.70458 35.724L4.27566 34.2951V34.2951C1.90811 31.927 1.90811 28.0882 4.27566 25.7201L13.5674 16.4268V16.4268C15.9366 14.0589 19.7764 14.0589 22.1455 16.4268L23.5744 17.8572\" stroke=\"#99ABF2\" stroke-width=\"4\" stroke-linecap=\"round\" stroke-linejoin=\"round\"\/>\n            <path d=\"M19.2846 10.7081L25.7171 4.27718V4.27718C28.0847 1.90842 31.9243 1.90749 34.2931 4.27511C34.2938 4.2758 34.2944 4.27649 34.2951 4.27718L35.7241 5.70457V5.70457C38.0916 8.07267 38.0916 11.9115 35.7241 14.2796L26.4323 23.5729V23.5729C24.0647 25.9417 20.225 25.9426 17.8563 23.575C17.8556 23.5743 17.8549 23.5736 17.8542 23.5729L16.4253 22.1425\" stroke=\"#99ABF2\" stroke-width=\"4\" stroke-linecap=\"round\" stroke-linejoin=\"round\"\/>\n        <\/svg>\n        <a href=\"https:\/\/www.schulthess.ch\/it\" target=\"_blank\" class=\"heading-h4 margin-bottom-0\">Schulthess Maschinen SA<\/a>\n    <\/div>\n                                    <\/div>\n                                \n                                \n                                \n                                                            <\/div>\n\n                            <script>\n                                var controller = new ScrollMagic.Controller();\n\n                                new ScrollMagic.Scene({\n                                    triggerElement: \".info-block-69ee1d3e37f57\",\n                                    triggerHook: 0.8,\n                                    offset: 0\n                                })\n                                    .setClassToggle(\".info-block-69ee1d3e37f57\", \"visibleBlock\")\n                                    .addTo(controller);\n                            <\/script>\n                        \n                    <\/div>\n                <\/div>\n            <\/div>\n\n                    <\/section>\n    \n\n\n\n    <section class=\"share-links-block share-links-block-section visibleInBackend\">\n        <div class=\"container-main\">\n                        \n<div class=\"share-links\">\n    <a href=\"http:\/\/www.linkedin.com\/shareArticle?mini=true&amp;url=https:\/\/dev.enaw.bertaeins.ch\/it\/effizient-hergestellte-waschmaschinen&amp;title=Lavatrici  prodotte in modo efficiente&amp;summary=Gli elettrodomestici Schulthess non sono soltanto garanzia di biancheria assolutamente pulita, ma anche di bilancio energetico pulito. L'azienda di Wolfhausen migliora, infatti, da anni con successo la sua efficienza energetica insieme all\u2019AEnEC.\" target=\"_blank\"><span><i class=\"fab fa-linkedin-in\"><\/i><\/span><\/a>\n    <a href=\"https:\/\/twitter.com\/intent\/tweet?text=Lavatrici  prodotte in modo efficiente&#038;url=https:\/\/dev.enaw.bertaeins.ch\/it\/effizient-hergestellte-waschmaschinen\" target=\"_blank\"><span><i class=\"fa-brands fa-x-twitter\"><\/i><\/span><\/a>\n    <a href=\"https:\/\/www.facebook.com\/sharer\/sharer.php?u=https:\/\/dev.enaw.bertaeins.ch\/it\/effizient-hergestellte-waschmaschinen\" target=\"_blank\"><span><i class=\"fab fa-facebook-f\"><\/i><\/span><\/a>\n    <a href=\"https:\/\/api.whatsapp.com\/send?text=Gli elettrodomestici Schulthess non sono soltanto garanzia di biancheria assolutamente pulita, ma anche di bilancio energetico pulito. L'azienda di Wolfhausen migliora, infatti, da anni con successo la sua efficienza energetica insieme all\u2019AEnEC. https:\/\/dev.enaw.bertaeins.ch\/it\/effizient-hergestellte-waschmaschinen\" target=\"_blank\"><span><i class=\"fab fa-whatsapp\"><\/i><\/span><\/a>\n    <a href=\"mailto:?subject=Lavatrici  prodotte in modo efficiente&#038;body=Gli elettrodomestici Schulthess non sono soltanto garanzia di biancheria assolutamente pulita, ma anche di bilancio energetico pulito. L'azienda di Wolfhausen migliora, infatti, da anni con successo la sua efficienza energetica insieme all\u2019AEnEC. https:\/\/dev.enaw.bertaeins.ch\/it\/effizient-hergestellte-waschmaschinen\" target=\"_blank\"><span><i class=\"fas fa-envelope\"><\/i><\/span><\/a>\n<\/div>\n        <\/div>\n    <\/section>\n\n    <div class=\"single-post-section-triger-end\"><\/div>\n\n    <script>\n        var controller = new ScrollMagic.Controller();\n\n        new ScrollMagic.Scene({\n            triggerElement: \".share-links-block-section\",\n            triggerHook: 0.8,\n            offset: 0\n        })\n            .setClassToggle(\".share-links-block-section\", \"visibleBlock\")\n            .addTo(controller);\n    <\/script>\n\n<\/div>\n\n\n\n<div class=\"wp-block-column is-layout-flow wp-block-column-is-layout-flow\">\n    <div class=\"sidebar-content visibleInBackend\">\n        \n        \n\n        <div class=\"facts-block\">\n    <div class=\"facts-content\">\n        <h4 class=\"text-white text-align-center\">Fatti<\/h4>\n\n                    <p class=\"fact-title margin-bottom-0 text-blue-light text-align-center\">L\u2019essenziale in breve<\/p>\n        \n        \n                    <div class=\"facts-list  \">\n                                    <div>\n                        <p class=\"margin-bottom-0 text-white small\">I processi a consumo intensivo di energia, come la pressatura della lamiera o i trattamenti delle superfici, causano costi energetici elevati presso Schulthess Maschinen SA.<\/p>\n                        <p class=\"margin-bottom-0 text-white small\"><\/p>\n                    <\/div>\n                                    <div>\n                        <p class=\"margin-bottom-0 text-white small\">Insieme all\u2019AEnEC, l\u2019azienda elabora pertanto regolarmente nuove misure finalizzate ad aumentare l&#8217;efficienza energetica.<\/p>\n                        <p class=\"margin-bottom-0 text-white small\"><\/p>\n                    <\/div>\n                                    <div>\n                        <p class=\"margin-bottom-0 text-white small\">Questo impegno ha un ritorno: grazie alle misure attuate, ormai l&#8217;azienda risparmia ogni anno 19\u00a0600 franchi di costi energetici.<\/p>\n                        <p class=\"margin-bottom-0 text-white small\"><\/p>\n                    <\/div>\n                            <\/div>\n            <\/div>\n<\/div>\n\n        \n            <\/div>\n\n    <script>\n        var controller = new ScrollMagic.Controller();\n\n        new ScrollMagic.Scene({\n            triggerElement: \".sidebar-content\",\n            triggerHook: 0.8,\n            offset: 0\n        })\n            .setClassToggle(\".sidebar-content\", \"visibleBlock\")\n            .addTo(controller);\n    <\/script>\n\n<\/div>\n<\/div>\n\n\n\n    \n\n\n\n\n\n\n\n                        <section class=\"related-posts-block block-paddings blue-light-bg\">\n                <div class=\"container-main\">\n                    <div class=\"title-block title-block-69ee1d3e4b6f6\">\n                        <h2>Articoli correlati<\/h2>\n                    <\/div>\n\n                    <div class=\"posts-cards visibleInBackend\">\n                                                                                    <div class=\"post-card-wrapper\">\n                                                                                                                                                \n<a href=\"https:\/\/dev.enaw.bertaeins.ch\/it\/magazin-mikron\" class=\"post-card post-card-desk-24627 visibleInBackend\" id=\"24627\">\n    \n            <div class=\"post-photo\" style=\"background-image: url(https:\/\/dev.enaw.bertaeins.ch\/wp-content\/uploads\/2024\/08\/elr_20240619_MIKRON_072_HD-1-1200x798.jpg);\">\n            <img decoding=\"async\" src=\"https:\/\/dev.enaw.bertaeins.ch\/wp-content\/themes\/enaw_v2\/assets\/images\/post_card_sidebar.png\" alt=\"Agno, capitale mondiale delle penne a sfera\" \/>\n        <\/div>\n    \n\n    <div class=\"post-info\">\n        <div class=\"post-tags\">\n                                    \n        <div class=\"tag  \">Attuale<\/div>    <div class=\"tag  \">Esempi pratici<\/div>    <div class=\"tag  \">Ticino<\/div>\n\n        <\/div>\n\n        <p class=\"post-date\">25.10.2024<\/p>\n\n        <h3>Agno, capitale mondiale delle penne a sfera<\/h3>\n\n                    <p class=\"post-desc margin-bottom-0\">\n                Mikron Machining SA \u00e8 leader a livello mondiale nell\u2019assemblaggio di macchine industriali di alta precisione. Dalle componenti per l\u2019orologeria alle testine per le penne a sfera (con oltre il 95% di quota di mercato globale), l\u2019azienda \u00e8 attiva da oltre un secolo. Per capire meglio come la produzione di macchinari elettromeccanici di altissima precisione si sposa al miglioramento del bilancio energetico aziendale, ad Agno abbiamo incontrato Bruno J\u00f6hl, Head of Supply Chain Division Machining.\u00a0            <\/p>\n        \n        <div class=\"btn-block\">\n            <div class=\"main-btn\">Leggi di pi\u00f9<\/div>\n        <\/div>\n    <\/div>\n<\/a>\n\n<script>\n    var controller = new ScrollMagic.Controller();\n\n    new ScrollMagic.Scene({\n        triggerElement: \".post-card.post-card-desk-24627\",\n        triggerHook: 0.85,\n        offset: 0\n    })\n        .setClassToggle(\".post-card.post-card-desk-24627\", \"visibleBlock\")\n        .addTo(controller);\n<\/script>                                <\/div>\n                                                                                                                <div class=\"post-card-wrapper\">\n                                                                                                                                                \n<a href=\"https:\/\/dev.enaw.bertaeins.ch\/it\/magazin-foft\" class=\"post-card post-card-desk-24619 visibleInBackend\" id=\"24619\">\n    \n            <div class=\"post-photo\" style=\"background-image: url(https:\/\/dev.enaw.bertaeins.ch\/wp-content\/uploads\/2024\/08\/elr_20240606_FOFT_470_HD-1200x799.jpg);\">\n            <img decoding=\"async\" src=\"https:\/\/dev.enaw.bertaeins.ch\/wp-content\/themes\/enaw_v2\/assets\/images\/post_card_sidebar.png\" alt=\"Pomodori ticinesi sempre pi\u00f9 sostenibili\" \/>\n        <\/div>\n    \n\n    <div class=\"post-info\">\n        <div class=\"post-tags\">\n                                    \n        <div class=\"tag  \">Esempi pratici<\/div>    <div class=\"tag  \">Ticino<\/div>\n\n        <\/div>\n\n        <p class=\"post-date\">25.10.2024<\/p>\n\n        <h3>Pomodori ticinesi sempre pi\u00f9 sostenibili<\/h3>\n\n                    <p class=\"post-desc margin-bottom-0\">\n                La TIOR SA raggruppa trenta produttori orto-frutticoli ticinesi e da oltre 15 anni si impegna con l&#8217;Agenzia dell&#8217;energia per l&#8217;economia (AEnEC) per ridurre i consumi e aumentare l\u2019efficienza energetica. Siamo andati a trovarli per scoprire dove vengono coltivati e imballati i tanto amati pomodori ticinesi che, assieme a molti altri prodotti, giungono quotidianamente sulle tavole delle famiglie in tutta la Svizzera.            <\/p>\n        \n        <div class=\"btn-block\">\n            <div class=\"main-btn\">Leggi di pi\u00f9<\/div>\n        <\/div>\n    <\/div>\n<\/a>\n\n<script>\n    var controller = new ScrollMagic.Controller();\n\n    new ScrollMagic.Scene({\n        triggerElement: \".post-card.post-card-desk-24619\",\n        triggerHook: 0.85,\n        offset: 0\n    })\n        .setClassToggle(\".post-card.post-card-desk-24619\", \"visibleBlock\")\n        .addTo(controller);\n<\/script>                                <\/div>\n                                                                        <\/div>\n                <\/div>\n\n                            <\/section>\n\n            <script>\n                var controller = new ScrollMagic.Controller();\n\n                new ScrollMagic.Scene({\n                    triggerElement: \".title-block-69ee1d3e4b6f6\",\n                    triggerHook: 0.8,\n                    offset: 0\n                })\n                    .setClassToggle(\".title-block-69ee1d3e4b6f6\", \"visibleBlock\")\n                    .addTo(controller);\n\n                new ScrollMagic.Scene({\n                    triggerElement: \".related-posts-block .posts-cards\",\n                    triggerHook: 0.8,\n                    offset: 0\n                })\n                    .setClassToggle(\".related-posts-block .posts-cards\", \"visibleBlock\")\n                    .addTo(controller);\n            <\/script>\n            \n\n\n","protected":false},"excerpt":{"rendered":"<p>Gli elettrodomestici Schulthess non sono soltanto garanzia di biancheria assolutamente pulita, ma anche di bilancio energetico pulito. L&#8217;azienda di Wolfhausen migliora, infatti, da anni con successo la sua efficienza energetica insieme all\u2019AEnEC. Schulthess Maschinen SA produce lavatrici e asciugatrici per le case unifamiliari, plurifamiliari e l\u2019industria. Fondata nel 1845, oggi l\u2019azienda vanta un organico di [&hellip;]<\/p>\n","protected":false},"author":1,"featured_media":10431,"comment_status":"open","ping_status":"open","sticky":false,"template":"","format":"standard","meta":{"_acf_changed":false,"inline_featured_image":false,"footnotes":""},"categories":[4],"tags":[],"kanton":[148],"thema":[292,291],"produkt":[293],"rubrik":[309],"branche":[294],"class_list":["post-7412","post","type-post","status-publish","format-standard","has-post-thumbnail","hentry","category-non-categorizzato","kanton-zurigo","thema-ottimizzazione-delle-operazioni","thema-utilizzo-del-calore-residuo","produkt-modello-energetico","rubrik-esempi-pratici","branche-macchinari"],"acf":[],"yoast_head":"<!-- This site is optimized with the Yoast SEO Premium plugin v22.5 (Yoast SEO v24.9) - https:\/\/yoast.com\/wordpress\/plugins\/seo\/ -->\n<title>Lavatrici  prodotte in modo efficiente | Agenzia dell\u2019energia per l\u2019economia<\/title>\n<meta name=\"robots\" content=\"index, follow, max-snippet:-1, max-image-preview:large, max-video-preview:-1\" \/>\n<link rel=\"canonical\" href=\"https:\/\/dev.enaw.bertaeins.ch\/effizient-hergestellte-waschmaschinen\" \/>\n<meta property=\"og:locale\" content=\"it_IT\" \/>\n<meta property=\"og:type\" content=\"article\" \/>\n<meta property=\"og:title\" content=\"Lavatrici  prodotte in modo efficiente\" \/>\n<meta property=\"og:description\" content=\"Gli elettrodomestici Schulthess non sono soltanto garanzia di biancheria assolutamente pulita, ma anche di bilancio energetico pulito. L&#8217;azienda di Wolfhausen migliora, infatti, da anni con successo la sua efficienza energetica insieme all\u2019AEnEC. Schulthess Maschinen SA produce lavatrici e asciugatrici per le case unifamiliari, plurifamiliari e l\u2019industria. Fondata nel 1845, oggi l\u2019azienda vanta un organico di [&hellip;]\" \/>\n<meta property=\"og:url\" content=\"https:\/\/dev.enaw.bertaeins.ch\/effizient-hergestellte-waschmaschinen\" \/>\n<meta property=\"og:site_name\" content=\"Agenzia dell\u2019energia per l\u2019economia\" \/>\n<meta property=\"article:publisher\" content=\"https:\/\/www.facebook.com\/enaw.aenec\" \/>\n<meta property=\"article:published_time\" content=\"2019-04-10T12:16:00+00:00\" \/>\n<meta property=\"article:modified_time\" content=\"2023-06-12T16:10:52+00:00\" \/>\n<meta property=\"og:image\" content=\"https:\/\/dev.enaw.bertaeins.ch\/wp-content\/uploads\/2019\/04\/enaw_header_schulthess-600x200.png\" \/>\n\t<meta property=\"og:image:type\" content=\"image\/png\" \/>\n<meta name=\"author\" content=\"berta_admin\" \/>\n<meta name=\"twitter:card\" content=\"summary_large_image\" \/>\n<meta name=\"twitter:creator\" content=\"@info_enaw\" \/>\n<meta name=\"twitter:site\" content=\"@info_enaw\" \/>\n<meta name=\"twitter:label1\" content=\"Scritto da\" \/>\n\t<meta name=\"twitter:data1\" content=\"berta_admin\" \/>\n\t<meta name=\"twitter:label2\" content=\"Tempo di lettura stimato\" \/>\n\t<meta name=\"twitter:data2\" content=\"4 minuti\" \/>\n<script type=\"application\/ld+json\" class=\"yoast-schema-graph\">{\"@context\":\"https:\/\/schema.org\",\"@graph\":[{\"@type\":\"Article\",\"@id\":\"https:\/\/dev.enaw.bertaeins.ch\/effizient-hergestellte-waschmaschinen#article\",\"isPartOf\":{\"@id\":\"https:\/\/dev.enaw.bertaeins.ch\/effizient-hergestellte-waschmaschinen\"},\"author\":{\"name\":\"berta_admin\",\"@id\":\"https:\/\/dev.enaw.bertaeins.ch\/#\/schema\/person\/960a0d1bce57ca722ef3b56c23b165e8\"},\"headline\":\"Lavatrici prodotte in modo efficiente\",\"datePublished\":\"2019-04-10T12:16:00+00:00\",\"dateModified\":\"2023-06-12T16:10:52+00:00\",\"mainEntityOfPage\":{\"@id\":\"https:\/\/dev.enaw.bertaeins.ch\/effizient-hergestellte-waschmaschinen\"},\"wordCount\":778,\"commentCount\":0,\"publisher\":{\"@id\":\"https:\/\/dev.enaw.bertaeins.ch\/#organization\"},\"image\":{\"@id\":\"https:\/\/dev.enaw.bertaeins.ch\/effizient-hergestellte-waschmaschinen#primaryimage\"},\"thumbnailUrl\":\"https:\/\/dev.enaw.bertaeins.ch\/wp-content\/uploads\/2019\/04\/enaw_header_schulthess.png\",\"articleSection\":[\"Non categorizzato\"],\"inLanguage\":\"it-IT\"},{\"@type\":\"WebPage\",\"@id\":\"https:\/\/dev.enaw.bertaeins.ch\/effizient-hergestellte-waschmaschinen\",\"url\":\"https:\/\/dev.enaw.bertaeins.ch\/effizient-hergestellte-waschmaschinen\",\"name\":\"Lavatrici prodotte in modo efficiente | Agenzia dell\u2019energia per l\u2019economia\",\"isPartOf\":{\"@id\":\"https:\/\/dev.enaw.bertaeins.ch\/#website\"},\"primaryImageOfPage\":{\"@id\":\"https:\/\/dev.enaw.bertaeins.ch\/effizient-hergestellte-waschmaschinen#primaryimage\"},\"image\":{\"@id\":\"https:\/\/dev.enaw.bertaeins.ch\/effizient-hergestellte-waschmaschinen#primaryimage\"},\"thumbnailUrl\":\"https:\/\/dev.enaw.bertaeins.ch\/wp-content\/uploads\/2019\/04\/enaw_header_schulthess.png\",\"datePublished\":\"2019-04-10T12:16:00+00:00\",\"dateModified\":\"2023-06-12T16:10:52+00:00\",\"breadcrumb\":{\"@id\":\"https:\/\/dev.enaw.bertaeins.ch\/effizient-hergestellte-waschmaschinen#breadcrumb\"},\"inLanguage\":\"it-IT\",\"potentialAction\":[{\"@type\":\"ReadAction\",\"target\":[\"https:\/\/dev.enaw.bertaeins.ch\/effizient-hergestellte-waschmaschinen\"]}]},{\"@type\":\"ImageObject\",\"inLanguage\":\"it-IT\",\"@id\":\"https:\/\/dev.enaw.bertaeins.ch\/effizient-hergestellte-waschmaschinen#primaryimage\",\"url\":\"https:\/\/dev.enaw.bertaeins.ch\/wp-content\/uploads\/2019\/04\/enaw_header_schulthess.png\",\"contentUrl\":\"https:\/\/dev.enaw.bertaeins.ch\/wp-content\/uploads\/2019\/04\/enaw_header_schulthess.png\",\"width\":1200,\"height\":400},{\"@type\":\"BreadcrumbList\",\"@id\":\"https:\/\/dev.enaw.bertaeins.ch\/effizient-hergestellte-waschmaschinen#breadcrumb\",\"itemListElement\":[{\"@type\":\"ListItem\",\"position\":1,\"name\":\"Home\",\"item\":\"https:\/\/dev.enaw.bertaeins.ch\/it\"},{\"@type\":\"ListItem\",\"position\":2,\"name\":\"Lavatrici prodotte in modo efficiente\"}]},{\"@type\":\"WebSite\",\"@id\":\"https:\/\/dev.enaw.bertaeins.ch\/#website\",\"url\":\"https:\/\/dev.enaw.bertaeins.ch\/\",\"name\":\"Energie-Agentur der Wirtschaft\",\"description\":\"Un altro sito web WordPress\",\"publisher\":{\"@id\":\"https:\/\/dev.enaw.bertaeins.ch\/#organization\"},\"potentialAction\":[{\"@type\":\"SearchAction\",\"target\":{\"@type\":\"EntryPoint\",\"urlTemplate\":\"https:\/\/dev.enaw.bertaeins.ch\/?s={search_term_string}\"},\"query-input\":{\"@type\":\"PropertyValueSpecification\",\"valueRequired\":true,\"valueName\":\"search_term_string\"}}],\"inLanguage\":\"it-IT\"},{\"@type\":\"Organization\",\"@id\":\"https:\/\/dev.enaw.bertaeins.ch\/#organization\",\"name\":\"EnAW Energie-Agentur der Wirtschaft\",\"url\":\"https:\/\/dev.enaw.bertaeins.ch\/\",\"logo\":{\"@type\":\"ImageObject\",\"inLanguage\":\"it-IT\",\"@id\":\"https:\/\/dev.enaw.bertaeins.ch\/#\/schema\/logo\/image\/\",\"url\":\"https:\/\/enaw.ch\/wp-content\/uploads\/Logos\/EnAW_Logo_DE_RGB_black-1.svg\",\"contentUrl\":\"https:\/\/enaw.ch\/wp-content\/uploads\/Logos\/EnAW_Logo_DE_RGB_black-1.svg\",\"width\":219,\"height\":38,\"caption\":\"EnAW Energie-Agentur der Wirtschaft\"},\"image\":{\"@id\":\"https:\/\/dev.enaw.bertaeins.ch\/#\/schema\/logo\/image\/\"},\"sameAs\":[\"https:\/\/www.facebook.com\/enaw.aenec\",\"https:\/\/x.com\/info_enaw\",\"https:\/\/www.linkedin.com\/company\/enaw\/\"]},{\"@type\":\"Person\",\"@id\":\"https:\/\/dev.enaw.bertaeins.ch\/#\/schema\/person\/960a0d1bce57ca722ef3b56c23b165e8\",\"name\":\"berta_admin\",\"image\":{\"@type\":\"ImageObject\",\"inLanguage\":\"it-IT\",\"@id\":\"https:\/\/dev.enaw.bertaeins.ch\/#\/schema\/person\/image\/\",\"url\":\"https:\/\/secure.gravatar.com\/avatar\/ba69f50d7a1a9d3e8396e388b28c0ef88c2e80dea9cdf768565f4508b567ad84?s=96&d=mm&r=g\",\"contentUrl\":\"https:\/\/secure.gravatar.com\/avatar\/ba69f50d7a1a9d3e8396e388b28c0ef88c2e80dea9cdf768565f4508b567ad84?s=96&d=mm&r=g\",\"caption\":\"berta_admin\"},\"sameAs\":[\"http:\/\/dev.enaw-v2.bertastrasse1.ch\"],\"url\":\"https:\/\/dev.enaw.bertaeins.ch\/it\/author\/berta_admin\"}]}<\/script>\n<!-- \/ Yoast SEO Premium plugin. -->","yoast_head_json":{"title":"Lavatrici  prodotte in modo efficiente | Agenzia dell\u2019energia per l\u2019economia","robots":{"index":"index","follow":"follow","max-snippet":"max-snippet:-1","max-image-preview":"max-image-preview:large","max-video-preview":"max-video-preview:-1"},"canonical":"https:\/\/dev.enaw.bertaeins.ch\/effizient-hergestellte-waschmaschinen","og_locale":"it_IT","og_type":"article","og_title":"Lavatrici  prodotte in modo efficiente","og_description":"Gli elettrodomestici Schulthess non sono soltanto garanzia di biancheria assolutamente pulita, ma anche di bilancio energetico pulito. L&#8217;azienda di Wolfhausen migliora, infatti, da anni con successo la sua efficienza energetica insieme all\u2019AEnEC. Schulthess Maschinen SA produce lavatrici e asciugatrici per le case unifamiliari, plurifamiliari e l\u2019industria. Fondata nel 1845, oggi l\u2019azienda vanta un organico di [&hellip;]","og_url":"https:\/\/dev.enaw.bertaeins.ch\/effizient-hergestellte-waschmaschinen","og_site_name":"Agenzia dell\u2019energia per l\u2019economia","article_publisher":"https:\/\/www.facebook.com\/enaw.aenec","article_published_time":"2019-04-10T12:16:00+00:00","article_modified_time":"2023-06-12T16:10:52+00:00","og_image":[{"url":"https:\/\/dev.enaw.bertaeins.ch\/wp-content\/uploads\/2019\/04\/enaw_header_schulthess-600x200.png","type":"image\/png","width":"","height":""}],"author":"berta_admin","twitter_card":"summary_large_image","twitter_creator":"@info_enaw","twitter_site":"@info_enaw","twitter_misc":{"Scritto da":"berta_admin","Tempo di lettura stimato":"4 minuti"},"schema":{"@context":"https:\/\/schema.org","@graph":[{"@type":"Article","@id":"https:\/\/dev.enaw.bertaeins.ch\/effizient-hergestellte-waschmaschinen#article","isPartOf":{"@id":"https:\/\/dev.enaw.bertaeins.ch\/effizient-hergestellte-waschmaschinen"},"author":{"name":"berta_admin","@id":"https:\/\/dev.enaw.bertaeins.ch\/#\/schema\/person\/960a0d1bce57ca722ef3b56c23b165e8"},"headline":"Lavatrici prodotte in modo efficiente","datePublished":"2019-04-10T12:16:00+00:00","dateModified":"2023-06-12T16:10:52+00:00","mainEntityOfPage":{"@id":"https:\/\/dev.enaw.bertaeins.ch\/effizient-hergestellte-waschmaschinen"},"wordCount":778,"commentCount":0,"publisher":{"@id":"https:\/\/dev.enaw.bertaeins.ch\/#organization"},"image":{"@id":"https:\/\/dev.enaw.bertaeins.ch\/effizient-hergestellte-waschmaschinen#primaryimage"},"thumbnailUrl":"https:\/\/dev.enaw.bertaeins.ch\/wp-content\/uploads\/2019\/04\/enaw_header_schulthess.png","articleSection":["Non categorizzato"],"inLanguage":"it-IT"},{"@type":"WebPage","@id":"https:\/\/dev.enaw.bertaeins.ch\/effizient-hergestellte-waschmaschinen","url":"https:\/\/dev.enaw.bertaeins.ch\/effizient-hergestellte-waschmaschinen","name":"Lavatrici prodotte in modo efficiente | Agenzia dell\u2019energia per l\u2019economia","isPartOf":{"@id":"https:\/\/dev.enaw.bertaeins.ch\/#website"},"primaryImageOfPage":{"@id":"https:\/\/dev.enaw.bertaeins.ch\/effizient-hergestellte-waschmaschinen#primaryimage"},"image":{"@id":"https:\/\/dev.enaw.bertaeins.ch\/effizient-hergestellte-waschmaschinen#primaryimage"},"thumbnailUrl":"https:\/\/dev.enaw.bertaeins.ch\/wp-content\/uploads\/2019\/04\/enaw_header_schulthess.png","datePublished":"2019-04-10T12:16:00+00:00","dateModified":"2023-06-12T16:10:52+00:00","breadcrumb":{"@id":"https:\/\/dev.enaw.bertaeins.ch\/effizient-hergestellte-waschmaschinen#breadcrumb"},"inLanguage":"it-IT","potentialAction":[{"@type":"ReadAction","target":["https:\/\/dev.enaw.bertaeins.ch\/effizient-hergestellte-waschmaschinen"]}]},{"@type":"ImageObject","inLanguage":"it-IT","@id":"https:\/\/dev.enaw.bertaeins.ch\/effizient-hergestellte-waschmaschinen#primaryimage","url":"https:\/\/dev.enaw.bertaeins.ch\/wp-content\/uploads\/2019\/04\/enaw_header_schulthess.png","contentUrl":"https:\/\/dev.enaw.bertaeins.ch\/wp-content\/uploads\/2019\/04\/enaw_header_schulthess.png","width":1200,"height":400},{"@type":"BreadcrumbList","@id":"https:\/\/dev.enaw.bertaeins.ch\/effizient-hergestellte-waschmaschinen#breadcrumb","itemListElement":[{"@type":"ListItem","position":1,"name":"Home","item":"https:\/\/dev.enaw.bertaeins.ch\/it"},{"@type":"ListItem","position":2,"name":"Lavatrici prodotte in modo efficiente"}]},{"@type":"WebSite","@id":"https:\/\/dev.enaw.bertaeins.ch\/#website","url":"https:\/\/dev.enaw.bertaeins.ch\/","name":"Energie-Agentur der Wirtschaft","description":"Un altro sito web WordPress","publisher":{"@id":"https:\/\/dev.enaw.bertaeins.ch\/#organization"},"potentialAction":[{"@type":"SearchAction","target":{"@type":"EntryPoint","urlTemplate":"https:\/\/dev.enaw.bertaeins.ch\/?s={search_term_string}"},"query-input":{"@type":"PropertyValueSpecification","valueRequired":true,"valueName":"search_term_string"}}],"inLanguage":"it-IT"},{"@type":"Organization","@id":"https:\/\/dev.enaw.bertaeins.ch\/#organization","name":"EnAW Energie-Agentur der Wirtschaft","url":"https:\/\/dev.enaw.bertaeins.ch\/","logo":{"@type":"ImageObject","inLanguage":"it-IT","@id":"https:\/\/dev.enaw.bertaeins.ch\/#\/schema\/logo\/image\/","url":"https:\/\/enaw.ch\/wp-content\/uploads\/Logos\/EnAW_Logo_DE_RGB_black-1.svg","contentUrl":"https:\/\/enaw.ch\/wp-content\/uploads\/Logos\/EnAW_Logo_DE_RGB_black-1.svg","width":219,"height":38,"caption":"EnAW Energie-Agentur der Wirtschaft"},"image":{"@id":"https:\/\/dev.enaw.bertaeins.ch\/#\/schema\/logo\/image\/"},"sameAs":["https:\/\/www.facebook.com\/enaw.aenec","https:\/\/x.com\/info_enaw","https:\/\/www.linkedin.com\/company\/enaw\/"]},{"@type":"Person","@id":"https:\/\/dev.enaw.bertaeins.ch\/#\/schema\/person\/960a0d1bce57ca722ef3b56c23b165e8","name":"berta_admin","image":{"@type":"ImageObject","inLanguage":"it-IT","@id":"https:\/\/dev.enaw.bertaeins.ch\/#\/schema\/person\/image\/","url":"https:\/\/secure.gravatar.com\/avatar\/ba69f50d7a1a9d3e8396e388b28c0ef88c2e80dea9cdf768565f4508b567ad84?s=96&d=mm&r=g","contentUrl":"https:\/\/secure.gravatar.com\/avatar\/ba69f50d7a1a9d3e8396e388b28c0ef88c2e80dea9cdf768565f4508b567ad84?s=96&d=mm&r=g","caption":"berta_admin"},"sameAs":["http:\/\/dev.enaw-v2.bertastrasse1.ch"],"url":"https:\/\/dev.enaw.bertaeins.ch\/it\/author\/berta_admin"}]}},"_links":{"self":[{"href":"https:\/\/dev.enaw.bertaeins.ch\/it\/wp-json\/wp\/v2\/posts\/7412","targetHints":{"allow":["GET"]}}],"collection":[{"href":"https:\/\/dev.enaw.bertaeins.ch\/it\/wp-json\/wp\/v2\/posts"}],"about":[{"href":"https:\/\/dev.enaw.bertaeins.ch\/it\/wp-json\/wp\/v2\/types\/post"}],"author":[{"embeddable":true,"href":"https:\/\/dev.enaw.bertaeins.ch\/it\/wp-json\/wp\/v2\/users\/1"}],"replies":[{"embeddable":true,"href":"https:\/\/dev.enaw.bertaeins.ch\/it\/wp-json\/wp\/v2\/comments?post=7412"}],"version-history":[{"count":0,"href":"https:\/\/dev.enaw.bertaeins.ch\/it\/wp-json\/wp\/v2\/posts\/7412\/revisions"}],"wp:featuredmedia":[{"embeddable":true,"href":"https:\/\/dev.enaw.bertaeins.ch\/it\/wp-json\/wp\/v2\/media\/10431"}],"wp:attachment":[{"href":"https:\/\/dev.enaw.bertaeins.ch\/it\/wp-json\/wp\/v2\/media?parent=7412"}],"wp:term":[{"taxonomy":"category","embeddable":true,"href":"https:\/\/dev.enaw.bertaeins.ch\/it\/wp-json\/wp\/v2\/categories?post=7412"},{"taxonomy":"post_tag","embeddable":true,"href":"https:\/\/dev.enaw.bertaeins.ch\/it\/wp-json\/wp\/v2\/tags?post=7412"},{"taxonomy":"kanton","embeddable":true,"href":"https:\/\/dev.enaw.bertaeins.ch\/it\/wp-json\/wp\/v2\/kanton?post=7412"},{"taxonomy":"thema","embeddable":true,"href":"https:\/\/dev.enaw.bertaeins.ch\/it\/wp-json\/wp\/v2\/thema?post=7412"},{"taxonomy":"produkt","embeddable":true,"href":"https:\/\/dev.enaw.bertaeins.ch\/it\/wp-json\/wp\/v2\/produkt?post=7412"},{"taxonomy":"rubrik","embeddable":true,"href":"https:\/\/dev.enaw.bertaeins.ch\/it\/wp-json\/wp\/v2\/rubrik?post=7412"},{"taxonomy":"branche","embeddable":true,"href":"https:\/\/dev.enaw.bertaeins.ch\/it\/wp-json\/wp\/v2\/branche?post=7412"}],"curies":[{"name":"wp","href":"https:\/\/api.w.org\/{rel}","templated":true}]}}